{"id":7955,"date":"2018-05-11T10:19:27","date_gmt":"2018-05-11T10:19:27","guid":{"rendered":"https:\/\/jobtrainer-blog.de\/?p=7955"},"modified":"2021-02-03T08:45:04","modified_gmt":"2021-02-03T08:45:04","slug":"langzeitarbeitslose-gehoeren-in-den-mittelpunkt","status":"publish","type":"post","link":"https:\/\/jobtrainer-blog.de\/?p=7955","title":{"rendered":"Langzeitarbeitslose geh\u00f6ren in den Mittelpunkt!"},"content":{"rendered":"<p><strong>Jobcoaches und TrainerInnen in Arbeitsmarktprojekten wissen es schon lange, jetzt scheint es auch in der Gesellschaft anzukommen: Langzeitarbeitslosigkeit ist ein ernstzunehmendes Problem, das noch viel zu wenig im Fokus steht.<br \/>\n<\/strong><\/p>\n<p>Eine gro\u00dfe Zahl von Menschen ist seit vielen Jahren langzeitarbeitslos. Laut einem <a href=\"https:\/\/www.zeit.de\/wirtschaft\/2018-04\/hartz-iv-langzeitarbeitslosigkeit-dauer-anstieg\" target=\"_blank\" rel=\"noopener noreferrer\">Zeit-Artikel<\/a> liegt die Anzahl bei \u00fcber einer Million. Das <a href=\"https:\/\/www.aerzteblatt.de\/archiv\/140497\/Gesundheitliche-Situation-von-langzeitarbeitslosen-Menschen\" target=\"_blank\" rel=\"noopener noreferrer\">Deutsche \u00c4rzteblatt<\/a> schreibt dazu: &#8222;Gro\u00dfe Metaanalysen und systematische Reviews zeigen, dass Langzeitarbeitslose ein <strong>mindestens verdoppeltes Risiko<\/strong> f\u00fcr psychische Erkrankungen, insbesondere Depression und Angstst\u00f6rungen, haben gegen\u00fcber erwerbst\u00e4tigen Personen. Die <strong>Mortalit\u00e4t<\/strong> ist um das 1,6-fache erh\u00f6ht. Arbeitslosigkeit scheint nicht nur <strong>Folge<\/strong> (Selektionseffekt), sondern auch <strong>Ursache<\/strong> (Kausalit\u00e4tseffekt) f\u00fcr Erkrankungen zu sein.&#8220;<em> (Hervorhebungen von mir)<\/em><\/p>\n<p>Dauerarbeitslosigkeit erzeugt die verschiedensten Probleme. Sie macht perspektivlos und unzufrieden und wirkt sich nicht nur negativ auf den K\u00f6rper und die Psyche, sondern auch auf das Umfeld der Arbeitslosen aus. So kommt es h\u00e4ufig zu vielf\u00e4ltigen famili\u00e4ren Problemen.<\/p>\n<p><strong>Langzeitarbeitslose m\u00fcssen wieder in den Fokus r\u00fccken<\/strong><br \/>\nEs sollte also ein wichtiges Ziel von Politik und Beh\u00f6rden sein, Menschen aus der Langzeitarbeitslosigkeit herauszuholen. Doch lange wurde zu wenig gemacht. <img decoding=\"async\" loading=\"lazy\" class=\"alignright wp-image-10449 size-square\" src=\"https:\/\/jobtrainer-blog.de\/wp-content\/uploads\/2012\/12\/magnifying-glass-145942_640-180x180.png\" alt=\"\" width=\"180\" height=\"180\" srcset=\"https:\/\/jobtrainer-blog.de\/wp-content\/uploads\/2012\/12\/magnifying-glass-145942_640-180x180.png 180w, https:\/\/jobtrainer-blog.de\/wp-content\/uploads\/2012\/12\/magnifying-glass-145942_640-80x80.png 80w, https:\/\/jobtrainer-blog.de\/wp-content\/uploads\/2012\/12\/magnifying-glass-145942_640-36x36.png 36w, https:\/\/jobtrainer-blog.de\/wp-content\/uploads\/2012\/12\/magnifying-glass-145942_640-120x120.png 120w, https:\/\/jobtrainer-blog.de\/wp-content\/uploads\/2012\/12\/magnifying-glass-145942_640-450x450.png 450w\" sizes=\"(max-width: 180px) 100vw, 180px\" \/>Der Spiegel stellt in dem Artikel <a href=\"http:\/\/www.spiegel.de\/wirtschaft\/soziales\/arbeitsmarkt-was-hilft-gegen-langzeitarbeitslosigkeit-a-1163974.html\" target=\"_blank\" rel=\"noopener noreferrer\">&#8222;Die Vergessenen des Arbeitsmarktes&#8220;<\/a> fest: &#8222;Die Politik hat sich lange auf den Abbau der relativ kurzen Arbeitslosigkeit konzentriert. Langzeitarbeitslose hat sie hingegen vernachl\u00e4ssigt&#8220;. Gut, dass sich der Wind nun dreht. Der Leiter der Agentur f\u00fcr Arbeit, Detlef Scheele, will sich f\u00fcr <strong>Langzeitarbeitslose stark machen <\/strong>und wird in einem <a href=\"http:\/\/www.faz.net\/aktuell\/beruf-chance\/beruf\/detlef-scheele-macht-sich-fuer-langzeitarbeitslose-stark-14965565.html\" target=\"_blank\" rel=\"noopener noreferrer\">FAZ-Artikel<\/a> wie folgt zitiert: &#8220; &#8218;Wir haben einerseits eine so gute Lage auf dem Arbeitsmarkt, wie ich sie seit der Wiedervereinigung nicht erlebt habe.&#8216; Und trotzdem gebe es Menschen in Deutschland, die sich trotz dieser Entwicklung subjektiv abgeh\u00e4ngt f\u00fchlten. Ziel m\u00fcsse es sein, beides zusammenzubringen und niemanden zur\u00fcckzulassen &#8211; schon wegen des Fachkr\u00e4ftebedarfs, aber auch aus sozialpolitischen Erw\u00e4gungen.&#8220;<\/p>\n<p>Heinrich Alt, ein ehemaliges Vorstandsmitglied der Agentur f\u00fcr Arbeit, hat ein <a href=\"https:\/\/shop.freiheit.org\/#!\/Publikation\/665\" target=\"_blank\" rel=\"noopener noreferrer\">Gutachten <\/a>ver\u00f6ffentlicht, in dem er fordert &#8220; vorzugsweise Langzeitarbeitslosen&#8230; <strong>attraktive und zielgenaue<\/strong> Ma\u00dfnahmen anzubieten.&#8220; Auch die Diskussion um das <a href=\"https:\/\/www.diw.de\/de\/diw_01.c.577888.de\/publikationen\/diw_aktuell\/2018_0008\/solidarisches_grundeinkommen_alternatives_instrument_fuer_mehr_teilhabe.html\" target=\"_blank\" rel=\"noopener noreferrer\">Solidarische Grundeinkommen<\/a>&#8220; r\u00fcckt die Gruppe der Langzeitarbeitslosen in den Fokus. Mehr Arbeitsangebote statt reiner Geldzahlungen sind hier die \u00dcberlegungen.<\/p>\n<p><strong>Mein Fazit: Es bewegt sich was!<\/strong> Und das ist gut, es muss sich was tun. Wir brauchen mehr zielgenaue Beratung, mehr attraktive Angebote, mehr kreative Projekte und mehr Engagement der Politik in diesem Bereich! Langzeitarbeitslose geh\u00f6ren nicht schamhaft in irgendein Projekt abgeschoben, sondern in die Mitte der Gesellschaft und vielleicht auch mal nach langen Jahren wieder in den Mittelpunkt.<\/p>\n<hr \/>\n<p>Weitere Links:<\/p>\n<p><a href=\"https:\/\/jobtrainer-blog.de\/?p=3219\">Arbeitslosigkeit macht krank!<\/a><\/p>\n<p><a href=\"https:\/\/jobtrainer-blog.de\/?p=2346\">Arbeitslos bleiben, eine Alternative? <\/a><\/p>\n","protected":false},"excerpt":{"rendered":"<p>Jobcoaches und TrainerInnen in Arbeitsmarktprojekten wissen es schon lange, jetzt scheint es auch in der Gesellschaft anzukommen: Langzeitarbeitslosigkeit ist ein ernstzunehmendes Problem, das noch viel zu wenig im Fokus steht. Eine gro\u00dfe Zahl von Menschen ist seit vielen Jahren langzeitarbeitslos. Laut einem Zeit-Artikel liegt die Anzahl bei \u00fcber einer Million. Das Deutsche \u00c4rzteblatt schreibt dazu: [&hellip;]<\/p>\n","protected":false},"author":2,"featured_media":7973,"comment_status":"open","ping_status":"open","sticky":false,"template":"","format":"standard","meta":[],"categories":[36,15,6],"tags":[7,19],"aioseo_notices":[],"aioseo_head":"\n\t\t<!-- All in One SEO 5.0.0.1 - aioseo.com -->\n\t<meta name=\"description\" content=\"Jobcoaches und TrainerInnen in Arbeitsmarktprojekten wissen es schon lange, jetzt scheint es auch in der Gesellschaft anzukommen: Langzeitarbeitslosigkeit ist ein ernstzunehmendes Problem, das noch viel zu wenig im Fokus steht. Eine gro\u00dfe Zahl von Menschen ist seit vielen Jahren langzeitarbeitslos. Laut einem Zeit-Artikel liegt die Anzahl bei \u00fcber einer Million. Das Deutsche \u00c4rzteblatt schreibt dazu:\" \/>\n\t<meta name=\"robots\" content=\"max-image-preview:large\" \/>\n\t<meta name=\"author\" content=\"Reinhard Kroeger\"\/>\n\t<meta name=\"keywords\" content=\"langzeitarbeitslose,langzeitarbeitslose vermitteln,arbeit finden,arbeitsmarktprojekte f\u00fcr langzeitarbeitslose,motivation\" \/>\n\t<link rel=\"canonical\" href=\"https:\/\/jobtrainer-blog.de\/?p=7955\" \/>\n\t<meta name=\"generator\" content=\"All in One SEO (AIOSEO) 5.0.0.1\" \/>\n\t\t<script type=\"application\/ld+json\" class=\"aioseo-schema\">\n\t\t\t{\"@context\":\"https:\\\/\\\/schema.org\",\"@graph\":[{\"@type\":\"Article\",\"@id\":\"https:\\\/\\\/jobtrainer-blog.de\\\/?p=7955#article\",\"name\":\"Langzeitarbeitslose geh\\u00f6ren in den Mittelpunkt! | Jobtrainer-Blog\",\"headline\":\"Langzeitarbeitslose geh\\u00f6ren in den Mittelpunkt!\",\"author\":{\"@id\":\"https:\\\/\\\/jobtrainer-blog.de\\\/?author=2#author\"},\"publisher\":{\"@id\":\"https:\\\/\\\/jobtrainer-blog.de\\\/#organization\"},\"image\":{\"@type\":\"ImageObject\",\"url\":\"https:\\\/\\\/jobtrainer-blog.de\\\/wp-content\\\/uploads\\\/2018\\\/04\\\/Arbeitsamt-Schlange.jpg\",\"width\":1280,\"height\":853,\"caption\":\"Waiting in Line --- Image by \\u00a9 Royalty-Free\\\/Corbis\"},\"datePublished\":\"2018-05-11T10:19:27+02:00\",\"dateModified\":\"2021-02-03T08:45:04+02:00\",\"inLanguage\":\"de-DE\",\"commentCount\":1,\"mainEntityOfPage\":{\"@id\":\"https:\\\/\\\/jobtrainer-blog.de\\\/?p=7955#webpage\"},\"isPartOf\":{\"@id\":\"https:\\\/\\\/jobtrainer-blog.de\\\/?p=7955#webpage\"},\"articleSection\":\"Arbeitsmarktprojekte, Berufsstrategie, f\\u00fcr Berater und Trainer, Arbeit finden, Motivation\"},{\"@type\":\"BreadcrumbList\",\"@id\":\"https:\\\/\\\/jobtrainer-blog.de\\\/?p=7955#breadcrumblist\",\"itemListElement\":[{\"@type\":\"ListItem\",\"@id\":\"https:\\\/\\\/jobtrainer-blog.de#listItem\",\"position\":1,\"name\":\"Home\",\"item\":\"https:\\\/\\\/jobtrainer-blog.de\",\"nextItem\":{\"@type\":\"ListItem\",\"@id\":\"https:\\\/\\\/jobtrainer-blog.de\\\/?cat=6#listItem\",\"name\":\"f\\u00fcr Berater und Trainer\"}},{\"@type\":\"ListItem\",\"@id\":\"https:\\\/\\\/jobtrainer-blog.de\\\/?cat=6#listItem\",\"position\":2,\"name\":\"f\\u00fcr Berater und Trainer\",\"item\":\"https:\\\/\\\/jobtrainer-blog.de\\\/?cat=6\",\"nextItem\":{\"@type\":\"ListItem\",\"@id\":\"https:\\\/\\\/jobtrainer-blog.de\\\/?p=7955#listItem\",\"name\":\"Langzeitarbeitslose geh\\u00f6ren in den Mittelpunkt!\"},\"previousItem\":{\"@type\":\"ListItem\",\"@id\":\"https:\\\/\\\/jobtrainer-blog.de#listItem\",\"name\":\"Home\"}},{\"@type\":\"ListItem\",\"@id\":\"https:\\\/\\\/jobtrainer-blog.de\\\/?p=7955#listItem\",\"position\":3,\"name\":\"Langzeitarbeitslose geh\\u00f6ren in den Mittelpunkt!\",\"previousItem\":{\"@type\":\"ListItem\",\"@id\":\"https:\\\/\\\/jobtrainer-blog.de\\\/?cat=6#listItem\",\"name\":\"f\\u00fcr Berater und Trainer\"}}]},{\"@type\":\"Organization\",\"@id\":\"https:\\\/\\\/jobtrainer-blog.de\\\/#organization\",\"name\":\"Reinhard Kr\\u00f6ger Job-Training\",\"description\":\"F\\u00fcr Jobcoaches in Arbeitsmarktprojekten\",\"url\":\"https:\\\/\\\/jobtrainer-blog.de\\\/\",\"telephone\":\"+4923273698902\",\"logo\":{\"@type\":\"ImageObject\",\"url\":\"https:\\\/\\\/jobtrainer-blog.de\\\/wp-content\\\/uploads\\\/2023\\\/09\\\/logo_jobtraining_cmyk.png\",\"@id\":\"https:\\\/\\\/jobtrainer-blog.de\\\/?p=7955\\\/#organizationLogo\",\"width\":1538,\"height\":367,\"caption\":\"Logo f\\u00fcr Job-Training Reinhard Kr\\u00f6ger\"},\"image\":{\"@id\":\"https:\\\/\\\/jobtrainer-blog.de\\\/?p=7955\\\/#organizationLogo\"},\"sameAs\":[\"https:\\\/\\\/www.youtube.com\\\/channel\\\/UCdXfHaDZvM6JmNTReh_dJJA\"]},{\"@type\":\"Person\",\"@id\":\"https:\\\/\\\/jobtrainer-blog.de\\\/?author=2#author\",\"url\":\"https:\\\/\\\/jobtrainer-blog.de\\\/?author=2\",\"name\":\"Reinhard Kroeger\",\"image\":{\"@type\":\"ImageObject\",\"@id\":\"https:\\\/\\\/jobtrainer-blog.de\\\/?p=7955#authorImage\",\"url\":\"https:\\\/\\\/secure.gravatar.com\\\/avatar\\\/94e6917ca5a1b81b22ea789cf30c3210?s=96&d=mm&r=g\",\"width\":96,\"height\":96,\"caption\":\"Reinhard Kroeger\"}},{\"@type\":\"WebPage\",\"@id\":\"https:\\\/\\\/jobtrainer-blog.de\\\/?p=7955#webpage\",\"url\":\"https:\\\/\\\/jobtrainer-blog.de\\\/?p=7955\",\"name\":\"Langzeitarbeitslose geh\\u00f6ren in den Mittelpunkt! | Jobtrainer-Blog\",\"description\":\"Jobcoaches und TrainerInnen in Arbeitsmarktprojekten wissen es schon lange, jetzt scheint es auch in der Gesellschaft anzukommen: Langzeitarbeitslosigkeit ist ein ernstzunehmendes Problem, das noch viel zu wenig im Fokus steht. Eine gro\\u00dfe Zahl von Menschen ist seit vielen Jahren langzeitarbeitslos. Laut einem Zeit-Artikel liegt die Anzahl bei \\u00fcber einer Million. Das Deutsche \\u00c4rzteblatt schreibt dazu:\",\"inLanguage\":\"de-DE\",\"isPartOf\":{\"@id\":\"https:\\\/\\\/jobtrainer-blog.de\\\/#website\"},\"breadcrumb\":{\"@id\":\"https:\\\/\\\/jobtrainer-blog.de\\\/?p=7955#breadcrumblist\"},\"author\":{\"@id\":\"https:\\\/\\\/jobtrainer-blog.de\\\/?author=2#author\"},\"creator\":{\"@id\":\"https:\\\/\\\/jobtrainer-blog.de\\\/?author=2#author\"},\"image\":{\"@type\":\"ImageObject\",\"url\":\"https:\\\/\\\/jobtrainer-blog.de\\\/wp-content\\\/uploads\\\/2018\\\/04\\\/Arbeitsamt-Schlange.jpg\",\"@id\":\"https:\\\/\\\/jobtrainer-blog.de\\\/?p=7955\\\/#mainImage\",\"width\":1280,\"height\":853,\"caption\":\"Waiting in Line --- Image by \\u00a9 Royalty-Free\\\/Corbis\"},\"primaryImageOfPage\":{\"@id\":\"https:\\\/\\\/jobtrainer-blog.de\\\/?p=7955#mainImage\"},\"datePublished\":\"2018-05-11T10:19:27+02:00\",\"dateModified\":\"2021-02-03T08:45:04+02:00\"},{\"@type\":\"WebSite\",\"@id\":\"https:\\\/\\\/jobtrainer-blog.de\\\/#website\",\"url\":\"https:\\\/\\\/jobtrainer-blog.de\\\/\",\"name\":\"Jobtrainer-Blog\",\"description\":\"F\\u00fcr Jobcoaches in Arbeitsmarktprojekten\",\"inLanguage\":\"de-DE\",\"publisher\":{\"@id\":\"https:\\\/\\\/jobtrainer-blog.de\\\/#organization\"}}]}\n\t\t<\/script>\n\t\t<!-- All in One SEO -->\n\n","aioseo_head_json":{"title":"Langzeitarbeitslose geh\u00f6ren in den Mittelpunkt! | Jobtrainer-Blog","description":"Jobcoaches und TrainerInnen in Arbeitsmarktprojekten wissen es schon lange, jetzt scheint es auch in der Gesellschaft anzukommen: Langzeitarbeitslosigkeit ist ein ernstzunehmendes Problem, das noch viel zu wenig im Fokus steht. Eine gro\u00dfe Zahl von Menschen ist seit vielen Jahren langzeitarbeitslos. Laut einem Zeit-Artikel liegt die Anzahl bei \u00fcber einer Million. Das Deutsche \u00c4rzteblatt schreibt dazu:","canonical_url":"https:\/\/jobtrainer-blog.de\/?p=7955","robots":"max-image-preview:large","keywords":"langzeitarbeitslose,langzeitarbeitslose vermitteln,arbeit finden,arbeitsmarktprojekte f\u00fcr langzeitarbeitslose,motivation","webmasterTools":{"miscellaneous":""},"schema":{"@context":"https:\/\/schema.org","@graph":[{"@type":"Article","@id":"https:\/\/jobtrainer-blog.de\/?p=7955#article","name":"Langzeitarbeitslose geh\u00f6ren in den Mittelpunkt! | Jobtrainer-Blog","headline":"Langzeitarbeitslose geh\u00f6ren in den Mittelpunkt!","author":{"@id":"https:\/\/jobtrainer-blog.de\/?author=2#author"},"publisher":{"@id":"https:\/\/jobtrainer-blog.de\/#organization"},"image":{"@type":"ImageObject","url":"https:\/\/jobtrainer-blog.de\/wp-content\/uploads\/2018\/04\/Arbeitsamt-Schlange.jpg","width":1280,"height":853,"caption":"Waiting in Line --- Image by \u00a9 Royalty-Free\/Corbis"},"datePublished":"2018-05-11T10:19:27+02:00","dateModified":"2021-02-03T08:45:04+02:00","inLanguage":"de-DE","commentCount":1,"mainEntityOfPage":{"@id":"https:\/\/jobtrainer-blog.de\/?p=7955#webpage"},"isPartOf":{"@id":"https:\/\/jobtrainer-blog.de\/?p=7955#webpage"},"articleSection":"Arbeitsmarktprojekte, Berufsstrategie, f\u00fcr Berater und Trainer, Arbeit finden, Motivation"},{"@type":"BreadcrumbList","@id":"https:\/\/jobtrainer-blog.de\/?p=7955#breadcrumblist","itemListElement":[{"@type":"ListItem","@id":"https:\/\/jobtrainer-blog.de#listItem","position":1,"name":"Home","item":"https:\/\/jobtrainer-blog.de","nextItem":{"@type":"ListItem","@id":"https:\/\/jobtrainer-blog.de\/?cat=6#listItem","name":"f\u00fcr Berater und Trainer"}},{"@type":"ListItem","@id":"https:\/\/jobtrainer-blog.de\/?cat=6#listItem","position":2,"name":"f\u00fcr Berater und Trainer","item":"https:\/\/jobtrainer-blog.de\/?cat=6","nextItem":{"@type":"ListItem","@id":"https:\/\/jobtrainer-blog.de\/?p=7955#listItem","name":"Langzeitarbeitslose geh\u00f6ren in den Mittelpunkt!"},"previousItem":{"@type":"ListItem","@id":"https:\/\/jobtrainer-blog.de#listItem","name":"Home"}},{"@type":"ListItem","@id":"https:\/\/jobtrainer-blog.de\/?p=7955#listItem","position":3,"name":"Langzeitarbeitslose geh\u00f6ren in den Mittelpunkt!","previousItem":{"@type":"ListItem","@id":"https:\/\/jobtrainer-blog.de\/?cat=6#listItem","name":"f\u00fcr Berater und Trainer"}}]},{"@type":"Organization","@id":"https:\/\/jobtrainer-blog.de\/#organization","name":"Reinhard Kr\u00f6ger Job-Training","description":"F\u00fcr Jobcoaches in Arbeitsmarktprojekten","url":"https:\/\/jobtrainer-blog.de\/","telephone":"+4923273698902","logo":{"@type":"ImageObject","url":"https:\/\/jobtrainer-blog.de\/wp-content\/uploads\/2023\/09\/logo_jobtraining_cmyk.png","@id":"https:\/\/jobtrainer-blog.de\/?p=7955\/#organizationLogo","width":1538,"height":367,"caption":"Logo f\u00fcr Job-Training Reinhard Kr\u00f6ger"},"image":{"@id":"https:\/\/jobtrainer-blog.de\/?p=7955\/#organizationLogo"},"sameAs":["https:\/\/www.youtube.com\/channel\/UCdXfHaDZvM6JmNTReh_dJJA"]},{"@type":"Person","@id":"https:\/\/jobtrainer-blog.de\/?author=2#author","url":"https:\/\/jobtrainer-blog.de\/?author=2","name":"Reinhard Kroeger","image":{"@type":"ImageObject","@id":"https:\/\/jobtrainer-blog.de\/?p=7955#authorImage","url":"https:\/\/secure.gravatar.com\/avatar\/94e6917ca5a1b81b22ea789cf30c3210?s=96&d=mm&r=g","width":96,"height":96,"caption":"Reinhard Kroeger"}},{"@type":"WebPage","@id":"https:\/\/jobtrainer-blog.de\/?p=7955#webpage","url":"https:\/\/jobtrainer-blog.de\/?p=7955","name":"Langzeitarbeitslose geh\u00f6ren in den Mittelpunkt! | Jobtrainer-Blog","description":"Jobcoaches und TrainerInnen in Arbeitsmarktprojekten wissen es schon lange, jetzt scheint es auch in der Gesellschaft anzukommen: Langzeitarbeitslosigkeit ist ein ernstzunehmendes Problem, das noch viel zu wenig im Fokus steht. Eine gro\u00dfe Zahl von Menschen ist seit vielen Jahren langzeitarbeitslos. Laut einem Zeit-Artikel liegt die Anzahl bei \u00fcber einer Million. Das Deutsche \u00c4rzteblatt schreibt dazu:","inLanguage":"de-DE","isPartOf":{"@id":"https:\/\/jobtrainer-blog.de\/#website"},"breadcrumb":{"@id":"https:\/\/jobtrainer-blog.de\/?p=7955#breadcrumblist"},"author":{"@id":"https:\/\/jobtrainer-blog.de\/?author=2#author"},"creator":{"@id":"https:\/\/jobtrainer-blog.de\/?author=2#author"},"image":{"@type":"ImageObject","url":"https:\/\/jobtrainer-blog.de\/wp-content\/uploads\/2018\/04\/Arbeitsamt-Schlange.jpg","@id":"https:\/\/jobtrainer-blog.de\/?p=7955\/#mainImage","width":1280,"height":853,"caption":"Waiting in Line --- Image by \u00a9 Royalty-Free\/Corbis"},"primaryImageOfPage":{"@id":"https:\/\/jobtrainer-blog.de\/?p=7955#mainImage"},"datePublished":"2018-05-11T10:19:27+02:00","dateModified":"2021-02-03T08:45:04+02:00"},{"@type":"WebSite","@id":"https:\/\/jobtrainer-blog.de\/#website","url":"https:\/\/jobtrainer-blog.de\/","name":"Jobtrainer-Blog","description":"F\u00fcr Jobcoaches in Arbeitsmarktprojekten","inLanguage":"de-DE","publisher":{"@id":"https:\/\/jobtrainer-blog.de\/#organization"}}]}},"aioseo_meta_data":{"post_id":"7955","title":null,"description":null,"keywords":[{"label":"Langzeitarbeitslose","value":"Langzeitarbeitslose"},{"label":"Langzeitarbeitslose vermitteln","value":"Langzeitarbeitslose vermitteln"},{"label":"Arbeit finden","value":"Arbeit finden"},{"label":"Arbeitsmarktprojekte f\u00fcr Langzeitarbeitslose","value":"Arbeitsmarktprojekte f\u00fcr Langzeitarbeitslose"}],"keyphrases":{"focus":[],"additional":[]},"primary_term":null,"canonical_url":null,"og_title":null,"og_description":null,"og_object_type":"default","og_image_type":"default","og_image_url":null,"og_image_width":null,"og_image_height":null,"og_image_custom_url":null,"og_image_custom_fields":null,"og_video":"","og_custom_url":null,"og_article_section":null,"og_article_tags":[],"twitter_use_og":false,"twitter_card":"default","twitter_image_type":"default","twitter_image_url":null,"twitter_image_custom_url":null,"twitter_image_custom_fields":null,"twitter_title":null,"twitter_description":null,"schema":{"blockGraphs":[],"customGraphs":[],"default":{"data":{"Article":[],"Course":[],"Dataset":[],"FAQPage":[],"Movie":[],"Person":[],"Product":[],"ProductReview":[],"Car":[],"Recipe":[],"Service":[],"SoftwareApplication":[],"WebPage":[]},"graphName":"","isEnabled":true},"graphs":[]},"schema_type":"none","schema_type_options":"{\"webPage\":{\"webPageType\":\"WebPage\"},\"article\":{\"articleType\":\"BlogPosting\"},\"book\":[],\"course\":[],\"event\":[],\"jobPosting\":[],\"music\":[],\"person\":[],\"product\":[],\"recipe\":[],\"restaurant\":[],\"service\":[],\"software\":[],\"video\":[]}","pillar_content":false,"robots_default":true,"robots_noindex":false,"robots_noarchive":false,"robots_nosnippet":false,"robots_nofollow":false,"robots_noimageindex":false,"robots_noodp":false,"robots_notranslate":false,"robots_max_snippet":"-1","robots_max_videopreview":"-1","robots_max_imagepreview":"large","priority":null,"frequency":"default","location":null,"local_seo":{"businessInfo":{"name":"","urls":{"website":"","aboutPage":"","contactPage":""},"address":{"line1":"","line2":"","zip":"","city":"","state":"","country":""},"contact":{"email":"","phone":"","fax":""},"ids":{"vatID":"","taxID":"","chamberID":""},"payment":{"priceIndication":"","currenciesAccepted":"","methodsAccepted":""},"areaServed":""},"openingHours":{"show":false,"closedLabel":"","open24h":false,"open24hLabel":"","open247":false,"use24hFormat":false,"twoSets":false,"timezone":"","hours":[]}},"breadcrumb_settings":null,"limit_modified_date":false,"ai":null,"created":"2021-01-25 14:59:52","updated":"2025-06-04 09:35:52","seo_analyzer_scan_date":null,"focus_keyword":null,"additional_keywords":null,"truseo_locale":null},"_links":{"self":[{"href":"https:\/\/jobtrainer-blog.de\/index.php?rest_route=\/wp\/v2\/posts\/7955"}],"collection":[{"href":"https:\/\/jobtrainer-blog.de\/index.php?rest_route=\/wp\/v2\/posts"}],"about":[{"href":"https:\/\/jobtrainer-blog.de\/index.php?rest_route=\/wp\/v2\/types\/post"}],"author":[{"embeddable":true,"href":"https:\/\/jobtrainer-blog.de\/index.php?rest_route=\/wp\/v2\/users\/2"}],"replies":[{"embeddable":true,"href":"https:\/\/jobtrainer-blog.de\/index.php?rest_route=%2Fwp%2Fv2%2Fcomments&post=7955"}],"version-history":[{"count":0,"href":"https:\/\/jobtrainer-blog.de\/index.php?rest_route=\/wp\/v2\/posts\/7955\/revisions"}],"wp:featuredmedia":[{"embeddable":true,"href":"https:\/\/jobtrainer-blog.de\/index.php?rest_route=\/wp\/v2\/media\/7973"}],"wp:attachment":[{"href":"https:\/\/jobtrainer-blog.de\/index.php?rest_route=%2Fwp%2Fv2%2Fmedia&parent=7955"}],"wp:term":[{"taxonomy":"category","embeddable":true,"href":"https:\/\/jobtrainer-blog.de\/index.php?rest_route=%2Fwp%2Fv2%2Fcategories&post=7955"},{"taxonomy":"post_tag","embeddable":true,"href":"https:\/\/jobtrainer-blog.de\/index.php?rest_route=%2Fwp%2Fv2%2Ftags&post=7955"}],"curies":[{"name":"wp","href":"https:\/\/api.w.org\/{rel}","templated":true}]}}