{"id":6428,"date":"2017-01-23T12:34:38","date_gmt":"2017-01-23T12:34:38","guid":{"rendered":"https:\/\/jobtrainer-blog.de\/?p=6428"},"modified":"2021-11-12T11:36:58","modified_gmt":"2021-11-12T11:36:58","slug":"wie-motiviere-ich-gruppen","status":"publish","type":"post","link":"https:\/\/jobtrainer-blog.de\/?p=6428","title":{"rendered":"Wie motiviere ich Gruppen?"},"content":{"rendered":"<p><strong>Als Dozent oder Berater in Arbeitsmarktprojekten stehen Sie oft vor der Herausforderung, Gruppen zu motivieren. In dem vergn\u00fcglichen und kompetenten Buch &#8222;Der Fisch stinkt vom Kopf&#8220; von Hein Hansen, k\u00f6nnen Sie lesen, was alles dazu geh\u00f6rt:<\/strong><\/p>\n<p><img decoding=\"async\" loading=\"lazy\" class=\"size-medium wp-image-6432 alignright\" src=\"https:\/\/jobtrainer-blog.de\/wp-content\/uploads\/2017\/01\/Der-Fisch-stinkt-vom-Kopf_Button_neu_2D_300dpi_rgb_5927-197x300.jpg\" alt=\"Der-Fisch-stinkt-vom-Kopf_Button_neu_2D_300dpi_rgb_5927\" width=\"197\" height=\"300\" srcset=\"https:\/\/jobtrainer-blog.de\/wp-content\/uploads\/2017\/01\/Der-Fisch-stinkt-vom-Kopf_Button_neu_2D_300dpi_rgb_5927-197x300.jpg 197w, https:\/\/jobtrainer-blog.de\/wp-content\/uploads\/2017\/01\/Der-Fisch-stinkt-vom-Kopf_Button_neu_2D_300dpi_rgb_5927.jpg 282w\" sizes=\"(max-width: 197px) 100vw, 197px\" \/><\/p>\n<ul>\n<li>Um andere motivieren zu k\u00f6nnen, m\u00fcssen Sie selbst motiviert sein!<\/li>\n<li><strong>Sie<\/strong> vermitteln gemeinsame Bindung an das Ziel!<\/li>\n<li>Sie kennen Ihre Teilnehmer-Typen!<\/li>\n<li>Sie nutzen sportlichen Ehrgeiz f\u00fcr Ihr Projekt!<\/li>\n<li>Sie nutzen die grunds\u00e4tzlichen Bed\u00fcrfnisse Ihrer Teilnehmer nach Sicherheit und Geborgenheit, Anerkennung und Selbstachtung!<\/li>\n<li>Sie erzeugen Flow-Erfahrungen, d.h. Teilnehmer bewegen sich in dem positiven Korridor zwischen Unterforderung und \u00dcberforderung!<\/li>\n<li>Sie haben Ziele gesetzt!<\/li>\n<li>Frust kann abgebaut werden, besonders am Anfang!<\/li>\n<li>Vermitteln Sie Ihren Teilnehmern den Dreiklang der Motivation: Ich will, ich kann, ich darf!<\/li>\n<li>\u00dcbrigens: Ein Seminarraum mit angenehmer Atmosph\u00e4re w\u00e4re auch gut!<\/li>\n<\/ul>\n<p>Ich empfehle das Buch allen Menschen, die sich \u00fcber Motivation von Einzelnen und Gruppen Gedanken machen.<\/p>\n<p>Zum Schluss des Buches wird der Fu\u00dfball-Philosoph Adi Prei\u00dfler mit seinen ber\u00fchmten Worten zitiert:<\/p>\n<blockquote><p><strong>&#8222;&#8230;entscheidend ist auf dem Platz!&#8220;<\/strong>.<\/p><\/blockquote>\n<p>Dem ist nichts hinzuzuf\u00fcgen.<\/p>\n<p>Mit besten W\u00fcnschen f\u00fcr <strong>Ihre<\/strong> Praxis<\/p>\n<p>Reinhard Kr\u00f6ger<\/p>\n<p>PS: Hier noch zwei weitere Artikel zum Thema:<br \/>\n<a href=\"https:\/\/jobtrainer-blog.de\/?p=4808\"><span style=\"color: #000080;\"><strong>Echt sein, wichtig f\u00fcr den Beratungserfolg <\/strong><\/span><\/a>und <span style=\"color: #000080;\"><strong><a style=\"color: #000080;\" href=\"https:\/\/jobtrainer-blog.de\/?p=4565\">Gedankenlawinen sind Motivationskiller<\/a><\/strong><\/span><\/p>\n<hr \/>\n<p><em>Infos zum Buch<\/em>: Hein Hansen, Der Fisch stinkt vom Kopf, 272 Seiten, books4success<br \/>\nISBN: 9783864701344<\/p>\n<p>&nbsp;<\/p>\n","protected":false},"excerpt":{"rendered":"<p>Als Dozent oder Berater in Arbeitsmarktprojekten stehen Sie oft vor der Herausforderung, Gruppen zu motivieren. In dem vergn\u00fcglichen und kompetenten Buch &#8222;Der Fisch stinkt vom Kopf&#8220; von Hein Hansen, k\u00f6nnen Sie lesen, was alles dazu geh\u00f6rt: Um andere motivieren zu k\u00f6nnen, m\u00fcssen Sie selbst motiviert sein! Sie vermitteln gemeinsame Bindung an das Ziel! Sie kennen [&hellip;]<\/p>\n","protected":false},"author":2,"featured_media":13747,"comment_status":"open","ping_status":"open","sticky":false,"template":"","format":"standard","meta":[],"categories":[36,6],"tags":[19],"aioseo_notices":[],"aioseo_head":"\n\t\t<!-- All in One SEO 5.0.0.1 - aioseo.com -->\n\t<meta name=\"description\" content=\"Wie motiviere ich Gruppen? Als Dozent oder Berater in Arbeitsmarktprojekten stehen Sie oft vor der Herausforderung, Gruppen zu motivieren...\" \/>\n\t<meta name=\"robots\" content=\"max-image-preview:large\" \/>\n\t<meta name=\"author\" content=\"Reinhard Kroeger\"\/>\n\t<meta name=\"keywords\" content=\"motivation,arbeitsmarktprojekte,arbeitslose,gruppen\" \/>\n\t<link rel=\"canonical\" href=\"https:\/\/jobtrainer-blog.de\/?p=6428\" \/>\n\t<meta name=\"generator\" content=\"All in One SEO (AIOSEO) 5.0.0.1\" \/>\n\t\t<script type=\"application\/ld+json\" class=\"aioseo-schema\">\n\t\t\t{\"@context\":\"https:\\\/\\\/schema.org\",\"@graph\":[{\"@type\":\"Article\",\"@id\":\"https:\\\/\\\/jobtrainer-blog.de\\\/?p=6428#article\",\"name\":\"Wie motiviere ich Gruppen?\",\"headline\":\"Wie motiviere ich Gruppen?\",\"author\":{\"@id\":\"https:\\\/\\\/jobtrainer-blog.de\\\/?author=2#author\"},\"publisher\":{\"@id\":\"https:\\\/\\\/jobtrainer-blog.de\\\/#organization\"},\"image\":{\"@type\":\"ImageObject\",\"url\":\"https:\\\/\\\/jobtrainer-blog.de\\\/wp-content\\\/uploads\\\/2016\\\/05\\\/SeminarBild4.jpg\",\"width\":640,\"height\":427,\"caption\":\"Gruppe bei \\u00dcbung\"},\"datePublished\":\"2017-01-23T12:34:38+02:00\",\"dateModified\":\"2021-11-12T11:36:58+02:00\",\"inLanguage\":\"de-DE\",\"mainEntityOfPage\":{\"@id\":\"https:\\\/\\\/jobtrainer-blog.de\\\/?p=6428#webpage\"},\"isPartOf\":{\"@id\":\"https:\\\/\\\/jobtrainer-blog.de\\\/?p=6428#webpage\"},\"articleSection\":\"Arbeitsmarktprojekte, f\\u00fcr Berater und Trainer, Motivation\"},{\"@type\":\"BreadcrumbList\",\"@id\":\"https:\\\/\\\/jobtrainer-blog.de\\\/?p=6428#breadcrumblist\",\"itemListElement\":[{\"@type\":\"ListItem\",\"@id\":\"https:\\\/\\\/jobtrainer-blog.de#listItem\",\"position\":1,\"name\":\"Home\",\"item\":\"https:\\\/\\\/jobtrainer-blog.de\",\"nextItem\":{\"@type\":\"ListItem\",\"@id\":\"https:\\\/\\\/jobtrainer-blog.de\\\/?cat=6#listItem\",\"name\":\"f\\u00fcr Berater und Trainer\"}},{\"@type\":\"ListItem\",\"@id\":\"https:\\\/\\\/jobtrainer-blog.de\\\/?cat=6#listItem\",\"position\":2,\"name\":\"f\\u00fcr Berater und Trainer\",\"item\":\"https:\\\/\\\/jobtrainer-blog.de\\\/?cat=6\",\"nextItem\":{\"@type\":\"ListItem\",\"@id\":\"https:\\\/\\\/jobtrainer-blog.de\\\/?p=6428#listItem\",\"name\":\"Wie motiviere ich Gruppen?\"},\"previousItem\":{\"@type\":\"ListItem\",\"@id\":\"https:\\\/\\\/jobtrainer-blog.de#listItem\",\"name\":\"Home\"}},{\"@type\":\"ListItem\",\"@id\":\"https:\\\/\\\/jobtrainer-blog.de\\\/?p=6428#listItem\",\"position\":3,\"name\":\"Wie motiviere ich Gruppen?\",\"previousItem\":{\"@type\":\"ListItem\",\"@id\":\"https:\\\/\\\/jobtrainer-blog.de\\\/?cat=6#listItem\",\"name\":\"f\\u00fcr Berater und Trainer\"}}]},{\"@type\":\"Organization\",\"@id\":\"https:\\\/\\\/jobtrainer-blog.de\\\/#organization\",\"name\":\"Reinhard Kr\\u00f6ger Job-Training\",\"description\":\"F\\u00fcr Jobcoaches in Arbeitsmarktprojekten\",\"url\":\"https:\\\/\\\/jobtrainer-blog.de\\\/\",\"telephone\":\"+4923273698902\",\"logo\":{\"@type\":\"ImageObject\",\"url\":\"https:\\\/\\\/jobtrainer-blog.de\\\/wp-content\\\/uploads\\\/2023\\\/09\\\/logo_jobtraining_cmyk.png\",\"@id\":\"https:\\\/\\\/jobtrainer-blog.de\\\/?p=6428\\\/#organizationLogo\",\"width\":1538,\"height\":367,\"caption\":\"Logo f\\u00fcr Job-Training Reinhard Kr\\u00f6ger\"},\"image\":{\"@id\":\"https:\\\/\\\/jobtrainer-blog.de\\\/?p=6428\\\/#organizationLogo\"},\"sameAs\":[\"https:\\\/\\\/www.youtube.com\\\/channel\\\/UCdXfHaDZvM6JmNTReh_dJJA\"]},{\"@type\":\"Person\",\"@id\":\"https:\\\/\\\/jobtrainer-blog.de\\\/?author=2#author\",\"url\":\"https:\\\/\\\/jobtrainer-blog.de\\\/?author=2\",\"name\":\"Reinhard Kroeger\",\"image\":{\"@type\":\"ImageObject\",\"@id\":\"https:\\\/\\\/jobtrainer-blog.de\\\/?p=6428#authorImage\",\"url\":\"https:\\\/\\\/secure.gravatar.com\\\/avatar\\\/94e6917ca5a1b81b22ea789cf30c3210?s=96&d=mm&r=g\",\"width\":96,\"height\":96,\"caption\":\"Reinhard Kroeger\"}},{\"@type\":\"WebPage\",\"@id\":\"https:\\\/\\\/jobtrainer-blog.de\\\/?p=6428#webpage\",\"url\":\"https:\\\/\\\/jobtrainer-blog.de\\\/?p=6428\",\"name\":\"Wie motiviere ich Gruppen?\",\"description\":\"Wie motiviere ich Gruppen? Als Dozent oder Berater in Arbeitsmarktprojekten stehen Sie oft vor der Herausforderung, Gruppen zu motivieren...\",\"inLanguage\":\"de-DE\",\"isPartOf\":{\"@id\":\"https:\\\/\\\/jobtrainer-blog.de\\\/#website\"},\"breadcrumb\":{\"@id\":\"https:\\\/\\\/jobtrainer-blog.de\\\/?p=6428#breadcrumblist\"},\"author\":{\"@id\":\"https:\\\/\\\/jobtrainer-blog.de\\\/?author=2#author\"},\"creator\":{\"@id\":\"https:\\\/\\\/jobtrainer-blog.de\\\/?author=2#author\"},\"image\":{\"@type\":\"ImageObject\",\"url\":\"https:\\\/\\\/jobtrainer-blog.de\\\/wp-content\\\/uploads\\\/2016\\\/05\\\/SeminarBild4.jpg\",\"@id\":\"https:\\\/\\\/jobtrainer-blog.de\\\/?p=6428\\\/#mainImage\",\"width\":640,\"height\":427,\"caption\":\"Gruppe bei \\u00dcbung\"},\"primaryImageOfPage\":{\"@id\":\"https:\\\/\\\/jobtrainer-blog.de\\\/?p=6428#mainImage\"},\"datePublished\":\"2017-01-23T12:34:38+02:00\",\"dateModified\":\"2021-11-12T11:36:58+02:00\"},{\"@type\":\"WebSite\",\"@id\":\"https:\\\/\\\/jobtrainer-blog.de\\\/#website\",\"url\":\"https:\\\/\\\/jobtrainer-blog.de\\\/\",\"name\":\"Jobtrainer-Blog\",\"description\":\"F\\u00fcr Jobcoaches in Arbeitsmarktprojekten\",\"inLanguage\":\"de-DE\",\"publisher\":{\"@id\":\"https:\\\/\\\/jobtrainer-blog.de\\\/#organization\"}}]}\n\t\t<\/script>\n\t\t<!-- All in One SEO -->\n\n","aioseo_head_json":{"title":"Wie motiviere ich Gruppen?","description":"Wie motiviere ich Gruppen? Als Dozent oder Berater in Arbeitsmarktprojekten stehen Sie oft vor der Herausforderung, Gruppen zu motivieren...","canonical_url":"https:\/\/jobtrainer-blog.de\/?p=6428","robots":"max-image-preview:large","keywords":"motivation,arbeitsmarktprojekte,arbeitslose,gruppen","webmasterTools":{"miscellaneous":""},"schema":{"@context":"https:\/\/schema.org","@graph":[{"@type":"Article","@id":"https:\/\/jobtrainer-blog.de\/?p=6428#article","name":"Wie motiviere ich Gruppen?","headline":"Wie motiviere ich Gruppen?","author":{"@id":"https:\/\/jobtrainer-blog.de\/?author=2#author"},"publisher":{"@id":"https:\/\/jobtrainer-blog.de\/#organization"},"image":{"@type":"ImageObject","url":"https:\/\/jobtrainer-blog.de\/wp-content\/uploads\/2016\/05\/SeminarBild4.jpg","width":640,"height":427,"caption":"Gruppe bei \u00dcbung"},"datePublished":"2017-01-23T12:34:38+02:00","dateModified":"2021-11-12T11:36:58+02:00","inLanguage":"de-DE","mainEntityOfPage":{"@id":"https:\/\/jobtrainer-blog.de\/?p=6428#webpage"},"isPartOf":{"@id":"https:\/\/jobtrainer-blog.de\/?p=6428#webpage"},"articleSection":"Arbeitsmarktprojekte, f\u00fcr Berater und Trainer, Motivation"},{"@type":"BreadcrumbList","@id":"https:\/\/jobtrainer-blog.de\/?p=6428#breadcrumblist","itemListElement":[{"@type":"ListItem","@id":"https:\/\/jobtrainer-blog.de#listItem","position":1,"name":"Home","item":"https:\/\/jobtrainer-blog.de","nextItem":{"@type":"ListItem","@id":"https:\/\/jobtrainer-blog.de\/?cat=6#listItem","name":"f\u00fcr Berater und Trainer"}},{"@type":"ListItem","@id":"https:\/\/jobtrainer-blog.de\/?cat=6#listItem","position":2,"name":"f\u00fcr Berater und Trainer","item":"https:\/\/jobtrainer-blog.de\/?cat=6","nextItem":{"@type":"ListItem","@id":"https:\/\/jobtrainer-blog.de\/?p=6428#listItem","name":"Wie motiviere ich Gruppen?"},"previousItem":{"@type":"ListItem","@id":"https:\/\/jobtrainer-blog.de#listItem","name":"Home"}},{"@type":"ListItem","@id":"https:\/\/jobtrainer-blog.de\/?p=6428#listItem","position":3,"name":"Wie motiviere ich Gruppen?","previousItem":{"@type":"ListItem","@id":"https:\/\/jobtrainer-blog.de\/?cat=6#listItem","name":"f\u00fcr Berater und Trainer"}}]},{"@type":"Organization","@id":"https:\/\/jobtrainer-blog.de\/#organization","name":"Reinhard Kr\u00f6ger Job-Training","description":"F\u00fcr Jobcoaches in Arbeitsmarktprojekten","url":"https:\/\/jobtrainer-blog.de\/","telephone":"+4923273698902","logo":{"@type":"ImageObject","url":"https:\/\/jobtrainer-blog.de\/wp-content\/uploads\/2023\/09\/logo_jobtraining_cmyk.png","@id":"https:\/\/jobtrainer-blog.de\/?p=6428\/#organizationLogo","width":1538,"height":367,"caption":"Logo f\u00fcr Job-Training Reinhard Kr\u00f6ger"},"image":{"@id":"https:\/\/jobtrainer-blog.de\/?p=6428\/#organizationLogo"},"sameAs":["https:\/\/www.youtube.com\/channel\/UCdXfHaDZvM6JmNTReh_dJJA"]},{"@type":"Person","@id":"https:\/\/jobtrainer-blog.de\/?author=2#author","url":"https:\/\/jobtrainer-blog.de\/?author=2","name":"Reinhard Kroeger","image":{"@type":"ImageObject","@id":"https:\/\/jobtrainer-blog.de\/?p=6428#authorImage","url":"https:\/\/secure.gravatar.com\/avatar\/94e6917ca5a1b81b22ea789cf30c3210?s=96&d=mm&r=g","width":96,"height":96,"caption":"Reinhard Kroeger"}},{"@type":"WebPage","@id":"https:\/\/jobtrainer-blog.de\/?p=6428#webpage","url":"https:\/\/jobtrainer-blog.de\/?p=6428","name":"Wie motiviere ich Gruppen?","description":"Wie motiviere ich Gruppen? Als Dozent oder Berater in Arbeitsmarktprojekten stehen Sie oft vor der Herausforderung, Gruppen zu motivieren...","inLanguage":"de-DE","isPartOf":{"@id":"https:\/\/jobtrainer-blog.de\/#website"},"breadcrumb":{"@id":"https:\/\/jobtrainer-blog.de\/?p=6428#breadcrumblist"},"author":{"@id":"https:\/\/jobtrainer-blog.de\/?author=2#author"},"creator":{"@id":"https:\/\/jobtrainer-blog.de\/?author=2#author"},"image":{"@type":"ImageObject","url":"https:\/\/jobtrainer-blog.de\/wp-content\/uploads\/2016\/05\/SeminarBild4.jpg","@id":"https:\/\/jobtrainer-blog.de\/?p=6428\/#mainImage","width":640,"height":427,"caption":"Gruppe bei \u00dcbung"},"primaryImageOfPage":{"@id":"https:\/\/jobtrainer-blog.de\/?p=6428#mainImage"},"datePublished":"2017-01-23T12:34:38+02:00","dateModified":"2021-11-12T11:36:58+02:00"},{"@type":"WebSite","@id":"https:\/\/jobtrainer-blog.de\/#website","url":"https:\/\/jobtrainer-blog.de\/","name":"Jobtrainer-Blog","description":"F\u00fcr Jobcoaches in Arbeitsmarktprojekten","inLanguage":"de-DE","publisher":{"@id":"https:\/\/jobtrainer-blog.de\/#organization"}}]}},"aioseo_meta_data":{"post_id":"6428","title":"Wie motiviere ich Gruppen?","description":"Wie motiviere ich Gruppen? Als Dozent oder Berater in Arbeitsmarktprojekten stehen Sie oft vor der Herausforderung, Gruppen zu motivieren...","keywords":[{"label":"Motivation","value":"Motivation"},{"label":"Arbeitsmarktprojekte","value":"Arbeitsmarktprojekte"},{"label":"Arbeitslose","value":"Arbeitslose"},{"label":"Gruppen","value":"Gruppen"}],"keyphrases":{"focus":{"keyphrase":"Wie motiviere ich Gruppen?","score":78,"analysis":{"keyphraseInTitle":{"title":"Focus Keyphrase in SEO title","description":"Focus Keyphrase found in SEO title.","score":9,"maxScore":9,"error":0},"keyphraseInDescription":{"title":"Focus keyphrase in meta description","description":"Focus keyphrase found in meta description.","score":9,"maxScore":9,"error":0},"keyphraseInURL":[],"keyphraseInIntroduction":{"title":"Focus keyphrase in introduction","description":"Your Focus keyphrase does not appear in the first paragraph. Make sure the topic is clear immediately.","score":3,"maxScore":9,"error":1},"keyphraseInSubHeadings":{"title":"Focus Keyphrase in Subheadings","description":"Your H2 and H3 subheadings reflects the topic of your copy. Good job!","score":9,"maxScore":9,"error":0},"keyphraseInImageAlt":{"title":"Focus keyphrase in image alt attributes","description":"Focus keyphrase not found in image alt attribute(s). Add an image with your Focus keyphrase as alt text.","score":3,"maxScore":9,"error":1},"keyphraseLength":{"title":"Focus keyphrase length","description":"Good job!","score":9,"maxScore":9,"error":0,"length":4}}},"additional":[]},"primary_term":null,"canonical_url":null,"og_title":null,"og_description":null,"og_object_type":"default","og_image_type":"default","og_image_url":null,"og_image_width":null,"og_image_height":null,"og_image_custom_url":null,"og_image_custom_fields":null,"og_video":"","og_custom_url":null,"og_article_section":null,"og_article_tags":[],"twitter_use_og":false,"twitter_card":"default","twitter_image_type":"default","twitter_image_url":null,"twitter_image_custom_url":null,"twitter_image_custom_fields":null,"twitter_title":null,"twitter_description":null,"schema":{"blockGraphs":[],"customGraphs":[],"default":{"data":{"Article":[],"Course":[],"Dataset":[],"FAQPage":[],"Movie":[],"Person":[],"Product":[],"ProductReview":[],"Car":[],"Recipe":[],"Service":[],"SoftwareApplication":[],"WebPage":[]},"graphName":"","isEnabled":true},"graphs":[]},"schema_type":"none","schema_type_options":"{\"webPage\":{\"webPageType\":\"WebPage\"},\"article\":{\"articleType\":\"BlogPosting\"},\"book\":[],\"course\":[],\"event\":[],\"jobPosting\":[],\"music\":[],\"person\":[],\"product\":[],\"recipe\":[],\"restaurant\":[],\"service\":[],\"software\":[],\"video\":[]}","pillar_content":false,"robots_default":true,"robots_noindex":false,"robots_noarchive":false,"robots_nosnippet":false,"robots_nofollow":false,"robots_noimageindex":false,"robots_noodp":false,"robots_notranslate":false,"robots_max_snippet":"-1","robots_max_videopreview":"-1","robots_max_imagepreview":"large","priority":null,"frequency":"default","location":null,"local_seo":{"businessInfo":{"name":"","urls":{"website":"","aboutPage":"","contactPage":""},"address":{"line1":"","line2":"","zip":"","city":"","state":"","country":""},"contact":{"email":"","phone":"","fax":""},"ids":{"vatID":"","taxID":"","chamberID":""},"payment":{"priceIndication":"","currenciesAccepted":"","methodsAccepted":""},"areaServed":""},"openingHours":{"show":false,"closedLabel":"","open24h":false,"open24hLabel":"","open247":false,"use24hFormat":false,"twoSets":false,"timezone":"","hours":[]}},"breadcrumb_settings":null,"limit_modified_date":false,"ai":null,"created":"2021-01-25 14:59:52","updated":"2025-06-04 09:35:52","seo_analyzer_scan_date":null,"focus_keyword":"Wie motiviere ich Gruppen?","additional_keywords":null,"truseo_locale":null},"_links":{"self":[{"href":"https:\/\/jobtrainer-blog.de\/index.php?rest_route=\/wp\/v2\/posts\/6428"}],"collection":[{"href":"https:\/\/jobtrainer-blog.de\/index.php?rest_route=\/wp\/v2\/posts"}],"about":[{"href":"https:\/\/jobtrainer-blog.de\/index.php?rest_route=\/wp\/v2\/types\/post"}],"author":[{"embeddable":true,"href":"https:\/\/jobtrainer-blog.de\/index.php?rest_route=\/wp\/v2\/users\/2"}],"replies":[{"embeddable":true,"href":"https:\/\/jobtrainer-blog.de\/index.php?rest_route=%2Fwp%2Fv2%2Fcomments&post=6428"}],"version-history":[{"count":0,"href":"https:\/\/jobtrainer-blog.de\/index.php?rest_route=\/wp\/v2\/posts\/6428\/revisions"}],"wp:featuredmedia":[{"embeddable":true,"href":"https:\/\/jobtrainer-blog.de\/index.php?rest_route=\/wp\/v2\/media\/13747"}],"wp:attachment":[{"href":"https:\/\/jobtrainer-blog.de\/index.php?rest_route=%2Fwp%2Fv2%2Fmedia&parent=6428"}],"wp:term":[{"taxonomy":"category","embeddable":true,"href":"https:\/\/jobtrainer-blog.de\/index.php?rest_route=%2Fwp%2Fv2%2Fcategories&post=6428"},{"taxonomy":"post_tag","embeddable":true,"href":"https:\/\/jobtrainer-blog.de\/index.php?rest_route=%2Fwp%2Fv2%2Ftags&post=6428"}],"curies":[{"name":"wp","href":"https:\/\/api.w.org\/{rel}","templated":true}]}}