{"id":6008,"date":"2016-11-11T15:13:11","date_gmt":"2016-11-11T15:13:11","guid":{"rendered":"https:\/\/jobtrainer-blog.de\/?p=6008"},"modified":"2021-10-26T09:41:10","modified_gmt":"2021-10-26T09:41:10","slug":"jobtrainer-blog-in-neuer-optik","status":"publish","type":"post","link":"https:\/\/jobtrainer-blog.de\/?p=6008","title":{"rendered":"Das Jobtrainer-Blog in neuer Optik!"},"content":{"rendered":"<p><strong>Liebe Leserinnen und Leser, wenn Sie dieses Blog schon l\u00e4nger verfolgen, werden Sie es sofort gemerkt haben: Das Jobtrainer-Blog hat eine neue Optik!<\/strong><\/p>\n<p>Gleichzeitig haben wir auch daf\u00fcr gesorgt, dass das Blog jetzt auch auf dem Tablet oder Handy besser zu lesen ist. Inhaltlich bleibt der rote Faden erhalten, Sinn und Zweck dieses Blogs ist weiterhin:<\/p>\n<ul>\n<li>Sie allgemein \u00fcber Jobtrends, wirklich passende Jobs und Vermittlung in Arbeit zu informieren<\/li>\n<li>Jobcoaches, Beratern und Dozenten in Arbeitsmarktprojekten Tipps, Strategien und Material zur Verf\u00fcgung zu stellen<\/li>\n<\/ul>\n<p>Ich habe in\u00a0 den letzten Jahren viel positives Feedback von Jobcoaches und Beratern bekommen, die Teilnehmerausgabe des E-Books &#8222;Es gibt Arbeit! So finden Sie Ihren Job!&#8220; wurde vielfach heruntergeladen. Den Kontakt zu den Anwendern m\u00f6chte ich in der n\u00e4chsten Zeit noch verst\u00e4rken, zu diesem Zweck bitten wir jetzt beim Download des E-Books um Angabe der E-Mail Adresse und des Namens.<\/p>\n<p><strong>Was ist in der n\u00e4chsten Zeit auf dem Jobtrainer-Blog zu erwarten?<\/strong><\/p>\n<p>Folgende Themen habe ich f\u00fcr Sie unter anderem geplant:<\/p>\n<ul>\n<li>Was brauchen Jobcoaches und Dozenten in Arbeitsmarktprojekten?<\/li>\n<li>Zielgruppenermittlung &#8211; der zentrale Punkt beim Jobcoaching!<\/li>\n<li>Wie motiviere ich Gruppen?<\/li>\n<li>Wie werde ich Jobcoach?<\/li>\n<li>Wie kann ich Job-Ideen f\u00fcr vorhandene Lebensl\u00e4ufe entwickeln?<\/li>\n<\/ul>\n<p>Wenn Sie weitere Themenvorschl\u00e4ge haben, <a href=\"https:\/\/jobtrainer-blog.de\/?page_id=99\">schreiben<\/a> Sie mir bitte. Ich hoffe, dass mir m\u00f6glichst alle treuen Leserinnen und Leser des Blogs erhalten bleiben und ich noch viele neue Interessenten hinzugewinne. Empfehlen Sie das Blog gerne weiter!<\/p>\n<p>Wie immer freue ich mich \u00fcber Ihre Kommentare, Ideen und Tipps.<\/p>\n<p>Mit herzlichen Gr\u00fc\u00dfen aus dem Ruhrgebiet,<br \/>\n<em>Reinhard Kr\u00f6ger<\/em><\/p>\n","protected":false},"excerpt":{"rendered":"<p>Liebe Leserinnen und Leser, wenn Sie dieses Blog schon l\u00e4nger verfolgen, werden Sie es sofort gemerkt haben: Das Jobtrainer-Blog hat eine neue Optik! Gleichzeitig haben wir auch daf\u00fcr gesorgt, dass das Blog jetzt auch auf dem Tablet oder Handy besser zu lesen ist. Inhaltlich bleibt der rote Faden erhalten, Sinn und Zweck dieses Blogs ist [&hellip;]<\/p>\n","protected":false},"author":2,"featured_media":6053,"comment_status":"open","ping_status":"open","sticky":false,"template":"","format":"standard","meta":[],"categories":[6,1],"tags":[],"aioseo_notices":[],"aioseo_head":"\n\t\t<!-- All in One SEO 5.0.0.1 - aioseo.com -->\n\t<meta name=\"description\" content=\"Liebe Leserinnen und Leser, wenn Sie dieses Blog schon l\u00e4nger verfolgen, werden Sie es sofort gemerkt haben: Das Jobtrainer-Blog hat eine neue Optik! Gleichzeitig haben wir auch daf\u00fcr gesorgt, dass das Blog jetzt auch auf dem Tablet oder Handy besser zu lesen ist. Inhaltlich bleibt der rote Faden erhalten, Sinn und Zweck dieses Blogs ist\" \/>\n\t<meta name=\"robots\" content=\"max-image-preview:large\" \/>\n\t<meta name=\"author\" content=\"Reinhard Kroeger\"\/>\n\t<link rel=\"canonical\" href=\"https:\/\/jobtrainer-blog.de\/?p=6008\" \/>\n\t<meta name=\"generator\" content=\"All in One SEO (AIOSEO) 5.0.0.1\" \/>\n\t\t<script type=\"application\/ld+json\" class=\"aioseo-schema\">\n\t\t\t{\"@context\":\"https:\\\/\\\/schema.org\",\"@graph\":[{\"@type\":\"Article\",\"@id\":\"https:\\\/\\\/jobtrainer-blog.de\\\/?p=6008#article\",\"name\":\"Das Jobtrainer-Blog in neuer Optik! | Jobtrainer-Blog\",\"headline\":\"Das Jobtrainer-Blog in neuer Optik!\",\"author\":{\"@id\":\"https:\\\/\\\/jobtrainer-blog.de\\\/?author=2#author\"},\"publisher\":{\"@id\":\"https:\\\/\\\/jobtrainer-blog.de\\\/#organization\"},\"image\":{\"@type\":\"ImageObject\",\"url\":\"https:\\\/\\\/jobtrainer-blog.de\\\/wp-content\\\/uploads\\\/2016\\\/11\\\/neu-colored-pencils-656172_1280.jpg\",\"width\":1280,\"height\":665},\"datePublished\":\"2016-11-11T15:13:11+02:00\",\"dateModified\":\"2021-10-26T09:41:10+02:00\",\"inLanguage\":\"de-DE\",\"commentCount\":3,\"mainEntityOfPage\":{\"@id\":\"https:\\\/\\\/jobtrainer-blog.de\\\/?p=6008#webpage\"},\"isPartOf\":{\"@id\":\"https:\\\/\\\/jobtrainer-blog.de\\\/?p=6008#webpage\"},\"articleSection\":\"f\\u00fcr Berater und Trainer, in eigener Sache\"},{\"@type\":\"BreadcrumbList\",\"@id\":\"https:\\\/\\\/jobtrainer-blog.de\\\/?p=6008#breadcrumblist\",\"itemListElement\":[{\"@type\":\"ListItem\",\"@id\":\"https:\\\/\\\/jobtrainer-blog.de#listItem\",\"position\":1,\"name\":\"Home\",\"item\":\"https:\\\/\\\/jobtrainer-blog.de\",\"nextItem\":{\"@type\":\"ListItem\",\"@id\":\"https:\\\/\\\/jobtrainer-blog.de\\\/?cat=1#listItem\",\"name\":\"in eigener Sache\"}},{\"@type\":\"ListItem\",\"@id\":\"https:\\\/\\\/jobtrainer-blog.de\\\/?cat=1#listItem\",\"position\":2,\"name\":\"in eigener Sache\",\"item\":\"https:\\\/\\\/jobtrainer-blog.de\\\/?cat=1\",\"nextItem\":{\"@type\":\"ListItem\",\"@id\":\"https:\\\/\\\/jobtrainer-blog.de\\\/?p=6008#listItem\",\"name\":\"Das Jobtrainer-Blog in neuer Optik!\"},\"previousItem\":{\"@type\":\"ListItem\",\"@id\":\"https:\\\/\\\/jobtrainer-blog.de#listItem\",\"name\":\"Home\"}},{\"@type\":\"ListItem\",\"@id\":\"https:\\\/\\\/jobtrainer-blog.de\\\/?p=6008#listItem\",\"position\":3,\"name\":\"Das Jobtrainer-Blog in neuer Optik!\",\"previousItem\":{\"@type\":\"ListItem\",\"@id\":\"https:\\\/\\\/jobtrainer-blog.de\\\/?cat=1#listItem\",\"name\":\"in eigener Sache\"}}]},{\"@type\":\"Organization\",\"@id\":\"https:\\\/\\\/jobtrainer-blog.de\\\/#organization\",\"name\":\"Reinhard Kr\\u00f6ger Job-Training\",\"description\":\"F\\u00fcr Jobcoaches in Arbeitsmarktprojekten\",\"url\":\"https:\\\/\\\/jobtrainer-blog.de\\\/\",\"telephone\":\"+4923273698902\",\"logo\":{\"@type\":\"ImageObject\",\"url\":\"https:\\\/\\\/jobtrainer-blog.de\\\/wp-content\\\/uploads\\\/2023\\\/09\\\/logo_jobtraining_cmyk.png\",\"@id\":\"https:\\\/\\\/jobtrainer-blog.de\\\/?p=6008\\\/#organizationLogo\",\"width\":1538,\"height\":367,\"caption\":\"Logo f\\u00fcr Job-Training Reinhard Kr\\u00f6ger\"},\"image\":{\"@id\":\"https:\\\/\\\/jobtrainer-blog.de\\\/?p=6008\\\/#organizationLogo\"},\"sameAs\":[\"https:\\\/\\\/www.youtube.com\\\/channel\\\/UCdXfHaDZvM6JmNTReh_dJJA\"]},{\"@type\":\"Person\",\"@id\":\"https:\\\/\\\/jobtrainer-blog.de\\\/?author=2#author\",\"url\":\"https:\\\/\\\/jobtrainer-blog.de\\\/?author=2\",\"name\":\"Reinhard Kroeger\",\"image\":{\"@type\":\"ImageObject\",\"@id\":\"https:\\\/\\\/jobtrainer-blog.de\\\/?p=6008#authorImage\",\"url\":\"https:\\\/\\\/secure.gravatar.com\\\/avatar\\\/94e6917ca5a1b81b22ea789cf30c3210?s=96&d=mm&r=g\",\"width\":96,\"height\":96,\"caption\":\"Reinhard Kroeger\"}},{\"@type\":\"WebPage\",\"@id\":\"https:\\\/\\\/jobtrainer-blog.de\\\/?p=6008#webpage\",\"url\":\"https:\\\/\\\/jobtrainer-blog.de\\\/?p=6008\",\"name\":\"Das Jobtrainer-Blog in neuer Optik! | Jobtrainer-Blog\",\"description\":\"Liebe Leserinnen und Leser, wenn Sie dieses Blog schon l\\u00e4nger verfolgen, werden Sie es sofort gemerkt haben: Das Jobtrainer-Blog hat eine neue Optik! Gleichzeitig haben wir auch daf\\u00fcr gesorgt, dass das Blog jetzt auch auf dem Tablet oder Handy besser zu lesen ist. Inhaltlich bleibt der rote Faden erhalten, Sinn und Zweck dieses Blogs ist\",\"inLanguage\":\"de-DE\",\"isPartOf\":{\"@id\":\"https:\\\/\\\/jobtrainer-blog.de\\\/#website\"},\"breadcrumb\":{\"@id\":\"https:\\\/\\\/jobtrainer-blog.de\\\/?p=6008#breadcrumblist\"},\"author\":{\"@id\":\"https:\\\/\\\/jobtrainer-blog.de\\\/?author=2#author\"},\"creator\":{\"@id\":\"https:\\\/\\\/jobtrainer-blog.de\\\/?author=2#author\"},\"image\":{\"@type\":\"ImageObject\",\"url\":\"https:\\\/\\\/jobtrainer-blog.de\\\/wp-content\\\/uploads\\\/2016\\\/11\\\/neu-colored-pencils-656172_1280.jpg\",\"@id\":\"https:\\\/\\\/jobtrainer-blog.de\\\/?p=6008\\\/#mainImage\",\"width\":1280,\"height\":665},\"primaryImageOfPage\":{\"@id\":\"https:\\\/\\\/jobtrainer-blog.de\\\/?p=6008#mainImage\"},\"datePublished\":\"2016-11-11T15:13:11+02:00\",\"dateModified\":\"2021-10-26T09:41:10+02:00\"},{\"@type\":\"WebSite\",\"@id\":\"https:\\\/\\\/jobtrainer-blog.de\\\/#website\",\"url\":\"https:\\\/\\\/jobtrainer-blog.de\\\/\",\"name\":\"Jobtrainer-Blog\",\"description\":\"F\\u00fcr Jobcoaches in Arbeitsmarktprojekten\",\"inLanguage\":\"de-DE\",\"publisher\":{\"@id\":\"https:\\\/\\\/jobtrainer-blog.de\\\/#organization\"}}]}\n\t\t<\/script>\n\t\t<!-- All in One SEO -->\n\n","aioseo_head_json":{"title":"Das Jobtrainer-Blog in neuer Optik! | Jobtrainer-Blog","description":"Liebe Leserinnen und Leser, wenn Sie dieses Blog schon l\u00e4nger verfolgen, werden Sie es sofort gemerkt haben: Das Jobtrainer-Blog hat eine neue Optik! Gleichzeitig haben wir auch daf\u00fcr gesorgt, dass das Blog jetzt auch auf dem Tablet oder Handy besser zu lesen ist. Inhaltlich bleibt der rote Faden erhalten, Sinn und Zweck dieses Blogs ist","canonical_url":"https:\/\/jobtrainer-blog.de\/?p=6008","robots":"max-image-preview:large","keywords":"","webmasterTools":{"miscellaneous":""},"schema":{"@context":"https:\/\/schema.org","@graph":[{"@type":"Article","@id":"https:\/\/jobtrainer-blog.de\/?p=6008#article","name":"Das Jobtrainer-Blog in neuer Optik! | Jobtrainer-Blog","headline":"Das Jobtrainer-Blog in neuer Optik!","author":{"@id":"https:\/\/jobtrainer-blog.de\/?author=2#author"},"publisher":{"@id":"https:\/\/jobtrainer-blog.de\/#organization"},"image":{"@type":"ImageObject","url":"https:\/\/jobtrainer-blog.de\/wp-content\/uploads\/2016\/11\/neu-colored-pencils-656172_1280.jpg","width":1280,"height":665},"datePublished":"2016-11-11T15:13:11+02:00","dateModified":"2021-10-26T09:41:10+02:00","inLanguage":"de-DE","commentCount":3,"mainEntityOfPage":{"@id":"https:\/\/jobtrainer-blog.de\/?p=6008#webpage"},"isPartOf":{"@id":"https:\/\/jobtrainer-blog.de\/?p=6008#webpage"},"articleSection":"f\u00fcr Berater und Trainer, in eigener Sache"},{"@type":"BreadcrumbList","@id":"https:\/\/jobtrainer-blog.de\/?p=6008#breadcrumblist","itemListElement":[{"@type":"ListItem","@id":"https:\/\/jobtrainer-blog.de#listItem","position":1,"name":"Home","item":"https:\/\/jobtrainer-blog.de","nextItem":{"@type":"ListItem","@id":"https:\/\/jobtrainer-blog.de\/?cat=1#listItem","name":"in eigener Sache"}},{"@type":"ListItem","@id":"https:\/\/jobtrainer-blog.de\/?cat=1#listItem","position":2,"name":"in eigener Sache","item":"https:\/\/jobtrainer-blog.de\/?cat=1","nextItem":{"@type":"ListItem","@id":"https:\/\/jobtrainer-blog.de\/?p=6008#listItem","name":"Das Jobtrainer-Blog in neuer Optik!"},"previousItem":{"@type":"ListItem","@id":"https:\/\/jobtrainer-blog.de#listItem","name":"Home"}},{"@type":"ListItem","@id":"https:\/\/jobtrainer-blog.de\/?p=6008#listItem","position":3,"name":"Das Jobtrainer-Blog in neuer Optik!","previousItem":{"@type":"ListItem","@id":"https:\/\/jobtrainer-blog.de\/?cat=1#listItem","name":"in eigener Sache"}}]},{"@type":"Organization","@id":"https:\/\/jobtrainer-blog.de\/#organization","name":"Reinhard Kr\u00f6ger Job-Training","description":"F\u00fcr Jobcoaches in Arbeitsmarktprojekten","url":"https:\/\/jobtrainer-blog.de\/","telephone":"+4923273698902","logo":{"@type":"ImageObject","url":"https:\/\/jobtrainer-blog.de\/wp-content\/uploads\/2023\/09\/logo_jobtraining_cmyk.png","@id":"https:\/\/jobtrainer-blog.de\/?p=6008\/#organizationLogo","width":1538,"height":367,"caption":"Logo f\u00fcr Job-Training Reinhard Kr\u00f6ger"},"image":{"@id":"https:\/\/jobtrainer-blog.de\/?p=6008\/#organizationLogo"},"sameAs":["https:\/\/www.youtube.com\/channel\/UCdXfHaDZvM6JmNTReh_dJJA"]},{"@type":"Person","@id":"https:\/\/jobtrainer-blog.de\/?author=2#author","url":"https:\/\/jobtrainer-blog.de\/?author=2","name":"Reinhard Kroeger","image":{"@type":"ImageObject","@id":"https:\/\/jobtrainer-blog.de\/?p=6008#authorImage","url":"https:\/\/secure.gravatar.com\/avatar\/94e6917ca5a1b81b22ea789cf30c3210?s=96&d=mm&r=g","width":96,"height":96,"caption":"Reinhard Kroeger"}},{"@type":"WebPage","@id":"https:\/\/jobtrainer-blog.de\/?p=6008#webpage","url":"https:\/\/jobtrainer-blog.de\/?p=6008","name":"Das Jobtrainer-Blog in neuer Optik! | Jobtrainer-Blog","description":"Liebe Leserinnen und Leser, wenn Sie dieses Blog schon l\u00e4nger verfolgen, werden Sie es sofort gemerkt haben: Das Jobtrainer-Blog hat eine neue Optik! Gleichzeitig haben wir auch daf\u00fcr gesorgt, dass das Blog jetzt auch auf dem Tablet oder Handy besser zu lesen ist. Inhaltlich bleibt der rote Faden erhalten, Sinn und Zweck dieses Blogs ist","inLanguage":"de-DE","isPartOf":{"@id":"https:\/\/jobtrainer-blog.de\/#website"},"breadcrumb":{"@id":"https:\/\/jobtrainer-blog.de\/?p=6008#breadcrumblist"},"author":{"@id":"https:\/\/jobtrainer-blog.de\/?author=2#author"},"creator":{"@id":"https:\/\/jobtrainer-blog.de\/?author=2#author"},"image":{"@type":"ImageObject","url":"https:\/\/jobtrainer-blog.de\/wp-content\/uploads\/2016\/11\/neu-colored-pencils-656172_1280.jpg","@id":"https:\/\/jobtrainer-blog.de\/?p=6008\/#mainImage","width":1280,"height":665},"primaryImageOfPage":{"@id":"https:\/\/jobtrainer-blog.de\/?p=6008#mainImage"},"datePublished":"2016-11-11T15:13:11+02:00","dateModified":"2021-10-26T09:41:10+02:00"},{"@type":"WebSite","@id":"https:\/\/jobtrainer-blog.de\/#website","url":"https:\/\/jobtrainer-blog.de\/","name":"Jobtrainer-Blog","description":"F\u00fcr Jobcoaches in Arbeitsmarktprojekten","inLanguage":"de-DE","publisher":{"@id":"https:\/\/jobtrainer-blog.de\/#organization"}}]}},"aioseo_meta_data":{"post_id":"6008","title":null,"description":null,"keywords":[],"keyphrases":{"focus":{"keyphrase":"Das Jobtrainer-Blog in neuer Optik!","score":67,"analysis":{"keyphraseInTitle":{"title":"Focus Keyphrase in SEO title","description":"Focus Keyphrase found in SEO title.","score":9,"maxScore":9,"error":0},"keyphraseInDescription":[],"keyphraseInURL":[],"keyphraseInIntroduction":{"title":"Focus keyphrase in introduction","description":"Your Focus keyphrase does not appear in the first paragraph. Make sure the topic is clear immediately.","score":3,"maxScore":9,"error":1},"keyphraseInSubHeadings":{"title":"Focus Keyphrase in Subheadings","description":"Your H2 and H3 subheadings reflects the topic of your copy. Good job!","score":9,"maxScore":9,"error":0},"keyphraseInImageAlt":{"title":"Focus keyphrase in image alt attributes","description":"Focus keyphrase not found in image alt attribute(s). Add an image with your Focus keyphrase as alt text.","score":3,"maxScore":9,"error":1},"keyphraseLength":{"title":"Focus keyphrase length","description":"Focus keyphrase is slightly long. Try to make it shorter.","score":6,"maxScore":9,"error":1,"length":5}}},"additional":[]},"primary_term":null,"canonical_url":null,"og_title":null,"og_description":null,"og_object_type":"default","og_image_type":"default","og_image_url":null,"og_image_width":null,"og_image_height":null,"og_image_custom_url":null,"og_image_custom_fields":null,"og_video":"","og_custom_url":null,"og_article_section":null,"og_article_tags":[],"twitter_use_og":false,"twitter_card":"default","twitter_image_type":"default","twitter_image_url":null,"twitter_image_custom_url":null,"twitter_image_custom_fields":null,"twitter_title":null,"twitter_description":null,"schema":{"blockGraphs":[],"customGraphs":[],"default":{"data":{"Article":[],"Course":[],"Dataset":[],"FAQPage":[],"Movie":[],"Person":[],"Product":[],"ProductReview":[],"Car":[],"Recipe":[],"Service":[],"SoftwareApplication":[],"WebPage":[]},"graphName":"","isEnabled":true},"graphs":[]},"schema_type":"none","schema_type_options":"{\"webPage\":{\"webPageType\":\"WebPage\"},\"article\":{\"articleType\":\"BlogPosting\"},\"book\":[],\"course\":[],\"event\":[],\"jobPosting\":[],\"music\":[],\"person\":[],\"product\":[],\"recipe\":[],\"restaurant\":[],\"service\":[],\"software\":[],\"video\":[]}","pillar_content":false,"robots_default":true,"robots_noindex":false,"robots_noarchive":false,"robots_nosnippet":false,"robots_nofollow":false,"robots_noimageindex":false,"robots_noodp":false,"robots_notranslate":false,"robots_max_snippet":"-1","robots_max_videopreview":"-1","robots_max_imagepreview":"large","priority":null,"frequency":"default","location":null,"local_seo":{"businessInfo":{"name":"","urls":{"website":"","aboutPage":"","contactPage":""},"address":{"line1":"","line2":"","zip":"","city":"","state":"","country":""},"contact":{"email":"","phone":"","fax":""},"ids":{"vatID":"","taxID":"","chamberID":""},"payment":{"priceIndication":"","currenciesAccepted":"","methodsAccepted":""},"areaServed":""},"openingHours":{"show":false,"closedLabel":"","open24h":false,"open24hLabel":"","open247":false,"use24hFormat":false,"twoSets":false,"timezone":"","hours":[]}},"breadcrumb_settings":null,"limit_modified_date":false,"ai":null,"created":"2021-01-25 14:59:52","updated":"2025-06-04 09:33:57","seo_analyzer_scan_date":null,"focus_keyword":"Das Jobtrainer-Blog in neuer Optik!","additional_keywords":null,"truseo_locale":null},"_links":{"self":[{"href":"https:\/\/jobtrainer-blog.de\/index.php?rest_route=\/wp\/v2\/posts\/6008"}],"collection":[{"href":"https:\/\/jobtrainer-blog.de\/index.php?rest_route=\/wp\/v2\/posts"}],"about":[{"href":"https:\/\/jobtrainer-blog.de\/index.php?rest_route=\/wp\/v2\/types\/post"}],"author":[{"embeddable":true,"href":"https:\/\/jobtrainer-blog.de\/index.php?rest_route=\/wp\/v2\/users\/2"}],"replies":[{"embeddable":true,"href":"https:\/\/jobtrainer-blog.de\/index.php?rest_route=%2Fwp%2Fv2%2Fcomments&post=6008"}],"version-history":[{"count":0,"href":"https:\/\/jobtrainer-blog.de\/index.php?rest_route=\/wp\/v2\/posts\/6008\/revisions"}],"wp:featuredmedia":[{"embeddable":true,"href":"https:\/\/jobtrainer-blog.de\/index.php?rest_route=\/wp\/v2\/media\/6053"}],"wp:attachment":[{"href":"https:\/\/jobtrainer-blog.de\/index.php?rest_route=%2Fwp%2Fv2%2Fmedia&parent=6008"}],"wp:term":[{"taxonomy":"category","embeddable":true,"href":"https:\/\/jobtrainer-blog.de\/index.php?rest_route=%2Fwp%2Fv2%2Fcategories&post=6008"},{"taxonomy":"post_tag","embeddable":true,"href":"https:\/\/jobtrainer-blog.de\/index.php?rest_route=%2Fwp%2Fv2%2Ftags&post=6008"}],"curies":[{"name":"wp","href":"https:\/\/api.w.org\/{rel}","templated":true}]}}