{"id":4565,"date":"2014-09-16T17:13:13","date_gmt":"2014-09-16T17:13:13","guid":{"rendered":"https:\/\/jobtrainer-blog.de\/?p=4565"},"modified":"2022-12-17T11:09:10","modified_gmt":"2022-12-17T11:09:10","slug":"gedankenlawinen-sind-motivationskiller","status":"publish","type":"post","link":"https:\/\/jobtrainer-blog.de\/?p=4565","title":{"rendered":"Gedankenlawinen sind Motivationskiller"},"content":{"rendered":"<p><strong>Von &#8222;Es geht mir nicht gut&#8220; zu &#8222;Das wird ganz schlimm enden&#8220;: Gedankenlawinen hindern die pers\u00f6nliche und berufliche Weiterentwicklung.<\/strong><\/p>\n<p>Ein Hindernis f\u00fcr die Verbesserung Ihrer Arbeits- und Lebenssituation k\u00f6nnen Gedankenlawinen sein. Sie entstehen aus negativen Gedanken, die wir h\u00e4ufig wiederholen und die sich dann vergr\u00f6\u00dfern &#8211; genau wie ein kleiner Schneeball zu einer gro\u00dfen Lawine werden kann.<\/p>\n<p><img decoding=\"async\" loading=\"lazy\" class=\"alignnone size-full wp-image-4568\" src=\"https:\/\/jobtrainer-blog.de\/wp-content\/uploads\/2014\/09\/Gedankenlawine.jpg\" alt=\"Gedankenlawine\" width=\"537\" height=\"504\" srcset=\"https:\/\/jobtrainer-blog.de\/wp-content\/uploads\/2014\/09\/Gedankenlawine.jpg 537w, https:\/\/jobtrainer-blog.de\/wp-content\/uploads\/2014\/09\/Gedankenlawine-300x281.jpg 300w\" sizes=\"(max-width: 537px) 100vw, 537px\" \/><\/p>\n<p>Hier ein Beispiel f\u00fcr so einen negativen Gedanken-Verlauf:<br \/>\n<strong>Es geht mir nicht gut &gt;&gt; Ich habe jetzt einen wichtigen Termin, ich schaffe den nicht&gt;&gt;<\/strong><strong> Ich schaffe nie was&gt;&gt; Das wird alles ganz schlimm enden&#8230; <\/strong>Sich immer wiederholende und vergr\u00f6\u00dfernde, negative Gedankenketten sind ein h\u00e4ufig zu beobachtender St\u00f6rfaktor in Bewerbungsphasen, in beruflichen Umbruchsituationen, bei einer Existenzgr\u00fcndung und bei fast jedem Jobwechsel.<\/p>\n<p>Nach Albert Ellis, einem Pionier der kognitiven Psychologie, m\u00fcssen wir uns solche Gedankenketten genau ansehen: <em><strong>Sind das Tatsachen, die ich da denke und weiterspinne, oder Vermutungen? Motivieren mich solche Gedanken? <\/strong>Sind sie eher hinderlich? Kann ich sie abstellen und wie? <\/em><\/p>\n<p>Zum Durchchecken von Gedankenketten hilft ein von mir entwickeltes <span style=\"color: #000080;\"><strong><a style=\"color: #000080;\" href=\"https:\/\/jobtrainer-blog.de\/wp-content\/uploads\/2014\/09\/Gedanken-Lawinen-mit-Copyright.pdf\">Arbeitsblatt<\/a><\/strong>,<\/span> das ich Ihnen gerne zur Verf\u00fcgung stelle. Langfristig sollten Sie sich auch die Frage beantworten, welche Gedankenketten h\u00e4ufig vorkommen und was das z. B. mit Ihrer eigenen Biographie zu tun hat. Das sprengt aber nat\u00fcrlich den Rahmen der beruflichen Beratung.<br \/>\nWichtig ist, dass Sie Gedanken-Lawinen als solche erst einmal identifizieren, damit Sie sie auf die Dauer stoppen k\u00f6nnen. So finden Sie auch wieder Ihre Motivation zur\u00fcck.<\/p>\n<p>Tipp: Das Materialbuch f\u00fcr Arbeitsmarktprojekte (<span style=\"color: #000080;\"><strong>hier der Link<\/strong><\/span>) enth\u00e4lt ein komplettes Motivationstraining mit \u00fcber 20 Arbeitsbl\u00e4ttern\/\u00dcbungen f\u00fcr Einzelberatung und Gruppenarbeit!<\/p>\n","protected":false},"excerpt":{"rendered":"<p>Von &#8222;Es geht mir nicht gut&#8220; zu &#8222;Das wird ganz schlimm enden&#8220;: Gedankenlawinen hindern die pers\u00f6nliche und berufliche Weiterentwicklung. Ein Hindernis f\u00fcr die Verbesserung Ihrer Arbeits- und Lebenssituation k\u00f6nnen Gedankenlawinen sein. Sie entstehen aus negativen Gedanken, die wir h\u00e4ufig wiederholen und die sich dann vergr\u00f6\u00dfern &#8211; genau wie ein kleiner Schneeball zu einer gro\u00dfen Lawine [&hellip;]<\/p>\n","protected":false},"author":2,"featured_media":0,"comment_status":"open","ping_status":"open","sticky":false,"template":"","format":"standard","meta":[],"categories":[15,23],"tags":[19],"aioseo_notices":[],"aioseo_head":"\n\t\t<!-- All in One SEO 5.0.0.1 - aioseo.com -->\n\t<meta name=\"description\" content=\"Gedankenlawinen sind Motivationskiller Von &quot;Es geht mir nicht gut&quot; zu &quot;Das wird ganz schlimm enden&quot;: Gedankenlawinen hindern die pers\u00f6nliche Weiterentwicklung..\" \/>\n\t<meta name=\"robots\" content=\"max-image-preview:large\" \/>\n\t<meta name=\"author\" content=\"Reinhard Kroeger\"\/>\n\t<meta name=\"keywords\" content=\"motivation,motivationstipps,motivation arbeitssuche,motivation in arbeitsmarktprojekten\" \/>\n\t<link rel=\"canonical\" href=\"https:\/\/jobtrainer-blog.de\/?p=4565\" \/>\n\t<meta name=\"generator\" content=\"All in One SEO (AIOSEO) 5.0.0.1\" \/>\n\t\t<script type=\"application\/ld+json\" class=\"aioseo-schema\">\n\t\t\t{\"@context\":\"https:\\\/\\\/schema.org\",\"@graph\":[{\"@type\":\"Article\",\"@id\":\"https:\\\/\\\/jobtrainer-blog.de\\\/?p=4565#article\",\"name\":\"Gedankenlawinen sind Motivationskiller\",\"headline\":\"Gedankenlawinen sind Motivationskiller\",\"author\":{\"@id\":\"https:\\\/\\\/jobtrainer-blog.de\\\/?author=2#author\"},\"publisher\":{\"@id\":\"https:\\\/\\\/jobtrainer-blog.de\\\/#organization\"},\"image\":{\"@type\":\"ImageObject\",\"url\":\"https:\\\/\\\/jobtrainer-blog.de\\\/wp-content\\\/uploads\\\/2014\\\/09\\\/Gedankenlawine.jpg\",\"@id\":\"https:\\\/\\\/jobtrainer-blog.de\\\/?p=4565\\\/#articleImage\",\"width\":537,\"height\":504,\"caption\":\"Cartoon Skifahrer vor Lawine\"},\"datePublished\":\"2014-09-16T17:13:13+02:00\",\"dateModified\":\"2022-12-17T11:09:10+02:00\",\"inLanguage\":\"de-DE\",\"mainEntityOfPage\":{\"@id\":\"https:\\\/\\\/jobtrainer-blog.de\\\/?p=4565#webpage\"},\"isPartOf\":{\"@id\":\"https:\\\/\\\/jobtrainer-blog.de\\\/?p=4565#webpage\"},\"articleSection\":\"Berufsstrategie, Selbstmanagement, Motivation\"},{\"@type\":\"BreadcrumbList\",\"@id\":\"https:\\\/\\\/jobtrainer-blog.de\\\/?p=4565#breadcrumblist\",\"itemListElement\":[{\"@type\":\"ListItem\",\"@id\":\"https:\\\/\\\/jobtrainer-blog.de#listItem\",\"position\":1,\"name\":\"Home\",\"item\":\"https:\\\/\\\/jobtrainer-blog.de\",\"nextItem\":{\"@type\":\"ListItem\",\"@id\":\"https:\\\/\\\/jobtrainer-blog.de\\\/?cat=15#listItem\",\"name\":\"Berufsstrategie\"}},{\"@type\":\"ListItem\",\"@id\":\"https:\\\/\\\/jobtrainer-blog.de\\\/?cat=15#listItem\",\"position\":2,\"name\":\"Berufsstrategie\",\"item\":\"https:\\\/\\\/jobtrainer-blog.de\\\/?cat=15\",\"nextItem\":{\"@type\":\"ListItem\",\"@id\":\"https:\\\/\\\/jobtrainer-blog.de\\\/?p=4565#listItem\",\"name\":\"Gedankenlawinen sind Motivationskiller\"},\"previousItem\":{\"@type\":\"ListItem\",\"@id\":\"https:\\\/\\\/jobtrainer-blog.de#listItem\",\"name\":\"Home\"}},{\"@type\":\"ListItem\",\"@id\":\"https:\\\/\\\/jobtrainer-blog.de\\\/?p=4565#listItem\",\"position\":3,\"name\":\"Gedankenlawinen sind Motivationskiller\",\"previousItem\":{\"@type\":\"ListItem\",\"@id\":\"https:\\\/\\\/jobtrainer-blog.de\\\/?cat=15#listItem\",\"name\":\"Berufsstrategie\"}}]},{\"@type\":\"Organization\",\"@id\":\"https:\\\/\\\/jobtrainer-blog.de\\\/#organization\",\"name\":\"Reinhard Kr\\u00f6ger Job-Training\",\"description\":\"F\\u00fcr Jobcoaches in Arbeitsmarktprojekten\",\"url\":\"https:\\\/\\\/jobtrainer-blog.de\\\/\",\"telephone\":\"+4923273698902\",\"logo\":{\"@type\":\"ImageObject\",\"url\":\"https:\\\/\\\/jobtrainer-blog.de\\\/wp-content\\\/uploads\\\/2023\\\/09\\\/logo_jobtraining_cmyk.png\",\"@id\":\"https:\\\/\\\/jobtrainer-blog.de\\\/?p=4565\\\/#organizationLogo\",\"width\":1538,\"height\":367,\"caption\":\"Logo f\\u00fcr Job-Training Reinhard Kr\\u00f6ger\"},\"image\":{\"@id\":\"https:\\\/\\\/jobtrainer-blog.de\\\/?p=4565\\\/#organizationLogo\"},\"sameAs\":[\"https:\\\/\\\/www.youtube.com\\\/channel\\\/UCdXfHaDZvM6JmNTReh_dJJA\"]},{\"@type\":\"Person\",\"@id\":\"https:\\\/\\\/jobtrainer-blog.de\\\/?author=2#author\",\"url\":\"https:\\\/\\\/jobtrainer-blog.de\\\/?author=2\",\"name\":\"Reinhard Kroeger\",\"image\":{\"@type\":\"ImageObject\",\"@id\":\"https:\\\/\\\/jobtrainer-blog.de\\\/?p=4565#authorImage\",\"url\":\"https:\\\/\\\/secure.gravatar.com\\\/avatar\\\/94e6917ca5a1b81b22ea789cf30c3210?s=96&d=mm&r=g\",\"width\":96,\"height\":96,\"caption\":\"Reinhard Kroeger\"}},{\"@type\":\"WebPage\",\"@id\":\"https:\\\/\\\/jobtrainer-blog.de\\\/?p=4565#webpage\",\"url\":\"https:\\\/\\\/jobtrainer-blog.de\\\/?p=4565\",\"name\":\"Gedankenlawinen sind Motivationskiller\",\"description\":\"Gedankenlawinen sind Motivationskiller Von \\\"Es geht mir nicht gut\\\" zu \\\"Das wird ganz schlimm enden\\\": Gedankenlawinen hindern die pers\\u00f6nliche Weiterentwicklung..\",\"inLanguage\":\"de-DE\",\"isPartOf\":{\"@id\":\"https:\\\/\\\/jobtrainer-blog.de\\\/#website\"},\"breadcrumb\":{\"@id\":\"https:\\\/\\\/jobtrainer-blog.de\\\/?p=4565#breadcrumblist\"},\"author\":{\"@id\":\"https:\\\/\\\/jobtrainer-blog.de\\\/?author=2#author\"},\"creator\":{\"@id\":\"https:\\\/\\\/jobtrainer-blog.de\\\/?author=2#author\"},\"datePublished\":\"2014-09-16T17:13:13+02:00\",\"dateModified\":\"2022-12-17T11:09:10+02:00\"},{\"@type\":\"WebSite\",\"@id\":\"https:\\\/\\\/jobtrainer-blog.de\\\/#website\",\"url\":\"https:\\\/\\\/jobtrainer-blog.de\\\/\",\"name\":\"Jobtrainer-Blog\",\"description\":\"F\\u00fcr Jobcoaches in Arbeitsmarktprojekten\",\"inLanguage\":\"de-DE\",\"publisher\":{\"@id\":\"https:\\\/\\\/jobtrainer-blog.de\\\/#organization\"}}]}\n\t\t<\/script>\n\t\t<!-- All in One SEO -->\n\n","aioseo_head_json":{"title":"Gedankenlawinen sind Motivationskiller","description":"Gedankenlawinen sind Motivationskiller Von \"Es geht mir nicht gut\" zu \"Das wird ganz schlimm enden\": Gedankenlawinen hindern die pers\u00f6nliche Weiterentwicklung..","canonical_url":"https:\/\/jobtrainer-blog.de\/?p=4565","robots":"max-image-preview:large","keywords":"motivation,motivationstipps,motivation arbeitssuche,motivation in arbeitsmarktprojekten","webmasterTools":{"miscellaneous":""},"schema":{"@context":"https:\/\/schema.org","@graph":[{"@type":"Article","@id":"https:\/\/jobtrainer-blog.de\/?p=4565#article","name":"Gedankenlawinen sind Motivationskiller","headline":"Gedankenlawinen sind Motivationskiller","author":{"@id":"https:\/\/jobtrainer-blog.de\/?author=2#author"},"publisher":{"@id":"https:\/\/jobtrainer-blog.de\/#organization"},"image":{"@type":"ImageObject","url":"https:\/\/jobtrainer-blog.de\/wp-content\/uploads\/2014\/09\/Gedankenlawine.jpg","@id":"https:\/\/jobtrainer-blog.de\/?p=4565\/#articleImage","width":537,"height":504,"caption":"Cartoon Skifahrer vor Lawine"},"datePublished":"2014-09-16T17:13:13+02:00","dateModified":"2022-12-17T11:09:10+02:00","inLanguage":"de-DE","mainEntityOfPage":{"@id":"https:\/\/jobtrainer-blog.de\/?p=4565#webpage"},"isPartOf":{"@id":"https:\/\/jobtrainer-blog.de\/?p=4565#webpage"},"articleSection":"Berufsstrategie, Selbstmanagement, Motivation"},{"@type":"BreadcrumbList","@id":"https:\/\/jobtrainer-blog.de\/?p=4565#breadcrumblist","itemListElement":[{"@type":"ListItem","@id":"https:\/\/jobtrainer-blog.de#listItem","position":1,"name":"Home","item":"https:\/\/jobtrainer-blog.de","nextItem":{"@type":"ListItem","@id":"https:\/\/jobtrainer-blog.de\/?cat=15#listItem","name":"Berufsstrategie"}},{"@type":"ListItem","@id":"https:\/\/jobtrainer-blog.de\/?cat=15#listItem","position":2,"name":"Berufsstrategie","item":"https:\/\/jobtrainer-blog.de\/?cat=15","nextItem":{"@type":"ListItem","@id":"https:\/\/jobtrainer-blog.de\/?p=4565#listItem","name":"Gedankenlawinen sind Motivationskiller"},"previousItem":{"@type":"ListItem","@id":"https:\/\/jobtrainer-blog.de#listItem","name":"Home"}},{"@type":"ListItem","@id":"https:\/\/jobtrainer-blog.de\/?p=4565#listItem","position":3,"name":"Gedankenlawinen sind Motivationskiller","previousItem":{"@type":"ListItem","@id":"https:\/\/jobtrainer-blog.de\/?cat=15#listItem","name":"Berufsstrategie"}}]},{"@type":"Organization","@id":"https:\/\/jobtrainer-blog.de\/#organization","name":"Reinhard Kr\u00f6ger Job-Training","description":"F\u00fcr Jobcoaches in Arbeitsmarktprojekten","url":"https:\/\/jobtrainer-blog.de\/","telephone":"+4923273698902","logo":{"@type":"ImageObject","url":"https:\/\/jobtrainer-blog.de\/wp-content\/uploads\/2023\/09\/logo_jobtraining_cmyk.png","@id":"https:\/\/jobtrainer-blog.de\/?p=4565\/#organizationLogo","width":1538,"height":367,"caption":"Logo f\u00fcr Job-Training Reinhard Kr\u00f6ger"},"image":{"@id":"https:\/\/jobtrainer-blog.de\/?p=4565\/#organizationLogo"},"sameAs":["https:\/\/www.youtube.com\/channel\/UCdXfHaDZvM6JmNTReh_dJJA"]},{"@type":"Person","@id":"https:\/\/jobtrainer-blog.de\/?author=2#author","url":"https:\/\/jobtrainer-blog.de\/?author=2","name":"Reinhard Kroeger","image":{"@type":"ImageObject","@id":"https:\/\/jobtrainer-blog.de\/?p=4565#authorImage","url":"https:\/\/secure.gravatar.com\/avatar\/94e6917ca5a1b81b22ea789cf30c3210?s=96&d=mm&r=g","width":96,"height":96,"caption":"Reinhard Kroeger"}},{"@type":"WebPage","@id":"https:\/\/jobtrainer-blog.de\/?p=4565#webpage","url":"https:\/\/jobtrainer-blog.de\/?p=4565","name":"Gedankenlawinen sind Motivationskiller","description":"Gedankenlawinen sind Motivationskiller Von \"Es geht mir nicht gut\" zu \"Das wird ganz schlimm enden\": Gedankenlawinen hindern die pers\u00f6nliche Weiterentwicklung..","inLanguage":"de-DE","isPartOf":{"@id":"https:\/\/jobtrainer-blog.de\/#website"},"breadcrumb":{"@id":"https:\/\/jobtrainer-blog.de\/?p=4565#breadcrumblist"},"author":{"@id":"https:\/\/jobtrainer-blog.de\/?author=2#author"},"creator":{"@id":"https:\/\/jobtrainer-blog.de\/?author=2#author"},"datePublished":"2014-09-16T17:13:13+02:00","dateModified":"2022-12-17T11:09:10+02:00"},{"@type":"WebSite","@id":"https:\/\/jobtrainer-blog.de\/#website","url":"https:\/\/jobtrainer-blog.de\/","name":"Jobtrainer-Blog","description":"F\u00fcr Jobcoaches in Arbeitsmarktprojekten","inLanguage":"de-DE","publisher":{"@id":"https:\/\/jobtrainer-blog.de\/#organization"}}]}},"aioseo_meta_data":{"post_id":"4565","title":"Gedankenlawinen sind Motivationskiller","description":"Gedankenlawinen sind Motivationskiller Von \"Es geht mir nicht gut\" zu \"Das wird ganz schlimm enden\": Gedankenlawinen hindern die pers\u00f6nliche Weiterentwicklung..","keywords":[{"label":"Motivation","value":"Motivation"},{"label":"Motivationstipps","value":"Motivationstipps"},{"label":"Motivation Arbeitssuche","value":"Motivation Arbeitssuche"},{"label":"Motivation in Arbeitsmarktprojekten","value":"Motivation in Arbeitsmarktprojekten"}],"keyphrases":{"focus":{"keyphrase":"Gedankenlawinen sind Motivationskiller","score":78,"analysis":{"keyphraseInTitle":{"title":"Focus Keyphrase in SEO title","description":"Focus Keyphrase found in SEO title.","score":9,"maxScore":9,"error":0},"keyphraseInDescription":{"title":"Focus keyphrase in meta description","description":"Focus keyphrase found in meta description.","score":9,"maxScore":9,"error":0},"keyphraseInURL":[],"keyphraseInIntroduction":{"title":"Focus keyphrase in introduction","description":"Your Focus keyphrase does not appear in the first paragraph. Make sure the topic is clear immediately.","score":3,"maxScore":9,"error":1},"keyphraseInSubHeadings":{"title":"Focus Keyphrase in Subheadings","description":"Your H2 and H3 subheadings reflects the topic of your copy. Good job!","score":9,"maxScore":9,"error":0},"keyphraseInImageAlt":{"title":"Focus keyphrase in image alt attributes","description":"Focus keyphrase not found in image alt attribute(s). Add an image with your Focus keyphrase as alt text.","score":3,"maxScore":9,"error":1},"keyphraseLength":{"title":"Focus keyphrase length","description":"Good job!","score":9,"maxScore":9,"error":0,"length":3}}},"additional":[]},"primary_term":null,"canonical_url":null,"og_title":null,"og_description":null,"og_object_type":"default","og_image_type":"default","og_image_url":null,"og_image_width":null,"og_image_height":null,"og_image_custom_url":null,"og_image_custom_fields":null,"og_video":"","og_custom_url":null,"og_article_section":null,"og_article_tags":[],"twitter_use_og":false,"twitter_card":"default","twitter_image_type":"default","twitter_image_url":null,"twitter_image_custom_url":null,"twitter_image_custom_fields":null,"twitter_title":null,"twitter_description":null,"schema":{"blockGraphs":[],"customGraphs":[],"default":{"data":{"Article":[],"Course":[],"Dataset":[],"FAQPage":[],"Movie":[],"Person":[],"Product":[],"ProductReview":[],"Car":[],"Recipe":[],"Service":[],"SoftwareApplication":[],"WebPage":[]},"graphName":"","isEnabled":true},"graphs":[]},"schema_type":"none","schema_type_options":"{\"webPage\":{\"webPageType\":\"WebPage\"},\"article\":{\"articleType\":\"BlogPosting\"},\"book\":[],\"course\":[],\"event\":[],\"jobPosting\":[],\"music\":[],\"person\":[],\"product\":[],\"recipe\":[],\"restaurant\":[],\"service\":[],\"software\":[],\"video\":[]}","pillar_content":false,"robots_default":true,"robots_noindex":false,"robots_noarchive":false,"robots_nosnippet":false,"robots_nofollow":false,"robots_noimageindex":false,"robots_noodp":false,"robots_notranslate":false,"robots_max_snippet":"-1","robots_max_videopreview":"-1","robots_max_imagepreview":"large","priority":null,"frequency":"default","location":null,"local_seo":{"businessInfo":{"name":"","urls":{"website":"","aboutPage":"","contactPage":""},"address":{"line1":"","line2":"","zip":"","city":"","state":"","country":""},"contact":{"email":"","phone":"","fax":""},"ids":{"vatID":"","taxID":"","chamberID":""},"payment":{"priceIndication":"","currenciesAccepted":"","methodsAccepted":""},"areaServed":""},"openingHours":{"show":false,"closedLabel":"","open24h":false,"open24hLabel":"","open247":false,"use24hFormat":false,"twoSets":false,"timezone":"","hours":[]}},"breadcrumb_settings":null,"limit_modified_date":false,"ai":null,"created":"2021-01-25 14:59:52","updated":"2025-06-04 09:31:51","seo_analyzer_scan_date":null,"focus_keyword":"Gedankenlawinen sind Motivationskiller","additional_keywords":null,"truseo_locale":null},"_links":{"self":[{"href":"https:\/\/jobtrainer-blog.de\/index.php?rest_route=\/wp\/v2\/posts\/4565"}],"collection":[{"href":"https:\/\/jobtrainer-blog.de\/index.php?rest_route=\/wp\/v2\/posts"}],"about":[{"href":"https:\/\/jobtrainer-blog.de\/index.php?rest_route=\/wp\/v2\/types\/post"}],"author":[{"embeddable":true,"href":"https:\/\/jobtrainer-blog.de\/index.php?rest_route=\/wp\/v2\/users\/2"}],"replies":[{"embeddable":true,"href":"https:\/\/jobtrainer-blog.de\/index.php?rest_route=%2Fwp%2Fv2%2Fcomments&post=4565"}],"version-history":[{"count":0,"href":"https:\/\/jobtrainer-blog.de\/index.php?rest_route=\/wp\/v2\/posts\/4565\/revisions"}],"wp:attachment":[{"href":"https:\/\/jobtrainer-blog.de\/index.php?rest_route=%2Fwp%2Fv2%2Fmedia&parent=4565"}],"wp:term":[{"taxonomy":"category","embeddable":true,"href":"https:\/\/jobtrainer-blog.de\/index.php?rest_route=%2Fwp%2Fv2%2Fcategories&post=4565"},{"taxonomy":"post_tag","embeddable":true,"href":"https:\/\/jobtrainer-blog.de\/index.php?rest_route=%2Fwp%2Fv2%2Ftags&post=4565"}],"curies":[{"name":"wp","href":"https:\/\/api.w.org\/{rel}","templated":true}]}}