{"id":3708,"date":"2013-12-02T08:41:12","date_gmt":"2013-12-02T08:41:12","guid":{"rendered":"https:\/\/jobtrainer-blog.de\/?p=3708"},"modified":"2022-12-17T11:09:10","modified_gmt":"2022-12-17T11:09:10","slug":"neues-material-fur-die-arbeit-mit-u25-teilnehmern","status":"publish","type":"post","link":"https:\/\/jobtrainer-blog.de\/?p=3708","title":{"rendered":"Material f\u00fcr U25-Arbeitsmarktprojekte"},"content":{"rendered":"<p><strong>Das E-Book &#8222;Es gibt Arbeit! Materialbuch f\u00fcr Arbeitsmarktprojekte&#8220; enth\u00e4lt jetzt umfangreiches Material f\u00fcr Unterricht und Beratung in U25-Gruppen zum Thema Berufswahl und Ausbildungssuche.\u00a0<\/strong><\/p>\n<p>Es richtet sich an Bildungstr\u00e4ger und Initiativen, die mit Menschen unter 25 Jahren, ohne Job und Ausbildung, beratend arbeiten.<br \/>\nWie erstelle ich ein Ausbildungsprofil, wo finde ich Ausbildungspl\u00e4tze, welche psychologischen Faktoren sind bei der Berufswahl zu beachten? Was ist eigentlich ein Traumberuf? Antworten auf diese Fragen sollen zusammen mit Teilnehmern erarbeitet werden, und dann kann es in die Praxis gehen: Praktika organisieren, Ausbildungsplatzakquise, Info-Gespr\u00e4che mit Unternehmen&#8230;<\/p>\n<p>Inhalte des U25-Teils:<\/p>\n<ul>\n<li>Mein Ausbildungsprofil<\/li>\n<li>Berufs-Interessen-Profil (wichtige Grundlage f\u00fcr Ausbildungssuche!)<\/li>\n<li>Berufsfindung<\/li>\n<li>Mein Traumberuf<\/li>\n<li>Mein Berufsweg<\/li>\n<li>Der Betrieb, bei dem ich mich bewerbe<\/li>\n<li>Internetrecherche Berufliche Ausbildung<\/li>\n<li>Verschiedene U25-\u00dcbungen, wie Logo-\u00dcbung, Fotokarten-\u00dcbung&#8230;<\/li>\n<li>Interessante Methoden f\u00fcr die Zielgruppe U25<\/li>\n<\/ul>\n<p>Der Umgang mit U25-Teilnehmenden ist auch Teil des Online-Training f\u00fcr Jobcoaches, <span style=\"color: #000080;\"><strong><a style=\"color: #000080;\" href=\"https:\/\/youtu.be\/fVxU0Qpajro\" target=\"_blank\" rel=\"noopener noreferrer\">Video dazu hier!<\/a><\/strong><\/span><\/p>\n<p><span style=\"color: #000080;\"><strong>Hier der Link zum Materialbuch f\u00fcr Arbeitsmarktprojekte: Infos, Bestellung und Basics-Video<\/strong><\/span><\/p>\n<p>Noch mehr zum Thema\u00a0<span style=\"color: #000080;\"><strong> <a style=\"color: #000080;\" href=\"https:\/\/jobtrainer-blog.de\/?p=5583\">unter diesem Link<\/a><\/strong><\/span><\/p>\n<p>&nbsp;<\/p>\n","protected":false},"excerpt":{"rendered":"<p>Das E-Book &#8222;Es gibt Arbeit! Materialbuch f\u00fcr Arbeitsmarktprojekte&#8220; enth\u00e4lt jetzt umfangreiches Material f\u00fcr Unterricht und Beratung in U25-Gruppen zum Thema Berufswahl und Ausbildungssuche.\u00a0 Es richtet sich an Bildungstr\u00e4ger und Initiativen, die mit Menschen unter 25 Jahren, ohne Job und Ausbildung, beratend arbeiten. Wie erstelle ich ein Ausbildungsprofil, wo finde ich Ausbildungspl\u00e4tze, welche psychologischen Faktoren sind [&hellip;]<\/p>\n","protected":false},"author":2,"featured_media":11979,"comment_status":"open","ping_status":"open","sticky":false,"template":"","format":"standard","meta":[],"categories":[36,17,6],"tags":[13,25],"aioseo_notices":[],"_links":{"self":[{"href":"https:\/\/jobtrainer-blog.de\/index.php?rest_route=\/wp\/v2\/posts\/3708"}],"collection":[{"href":"https:\/\/jobtrainer-blog.de\/index.php?rest_route=\/wp\/v2\/posts"}],"about":[{"href":"https:\/\/jobtrainer-blog.de\/index.php?rest_route=\/wp\/v2\/types\/post"}],"author":[{"embeddable":true,"href":"https:\/\/jobtrainer-blog.de\/index.php?rest_route=\/wp\/v2\/users\/2"}],"replies":[{"embeddable":true,"href":"https:\/\/jobtrainer-blog.de\/index.php?rest_route=%2Fwp%2Fv2%2Fcomments&post=3708"}],"version-history":[{"count":1,"href":"https:\/\/jobtrainer-blog.de\/index.php?rest_route=\/wp\/v2\/posts\/3708\/revisions"}],"predecessor-version":[{"id":15045,"href":"https:\/\/jobtrainer-blog.de\/index.php?rest_route=\/wp\/v2\/posts\/3708\/revisions\/15045"}],"wp:featuredmedia":[{"embeddable":true,"href":"https:\/\/jobtrainer-blog.de\/index.php?rest_route=\/wp\/v2\/media\/11979"}],"wp:attachment":[{"href":"https:\/\/jobtrainer-blog.de\/index.php?rest_route=%2Fwp%2Fv2%2Fmedia&parent=3708"}],"wp:term":[{"taxonomy":"category","embeddable":true,"href":"https:\/\/jobtrainer-blog.de\/index.php?rest_route=%2Fwp%2Fv2%2Fcategories&post=3708"},{"taxonomy":"post_tag","embeddable":true,"href":"https:\/\/jobtrainer-blog.de\/index.php?rest_route=%2Fwp%2Fv2%2Ftags&post=3708"}],"curies":[{"name":"wp","href":"https:\/\/api.w.org\/{rel}","templated":true}]}}