{"id":3506,"date":"2013-09-16T10:36:20","date_gmt":"2013-09-16T10:36:20","guid":{"rendered":"https:\/\/jobtrainer-blog.de\/?p=3506"},"modified":"2021-11-18T09:48:12","modified_gmt":"2021-11-18T09:48:12","slug":"motivation-fur-die-zeit-nach-den-feriendem-urlaub","status":"publish","type":"post","link":"https:\/\/jobtrainer-blog.de\/?p=3506","title":{"rendered":"Motivation f\u00fcr die Zeit nach dem Urlaub!"},"content":{"rendered":"<p>Jeder braucht immer mal wieder einen Schuss Motivation, um seine Projekte durchzuf\u00fchren und lange geplante Vorhaben zu verwirklichen. Hier ein Motivationsvideo mit Thaddaeus Korona f\u00fcr die ersten Arbeitstage nach den Ferien\/nach dem Urlaub.<\/p>\n<div class=\"lyte-wrapper fourthree\" style=\"width:420px;max-width:100%;margin:5px;\"><div class=\"lyMe hidef\" id=\"WYL_Ei8az2fgCu8\"><div id=\"lyte_Ei8az2fgCu8\" data-src=\"https:\/\/jobtrainer-blog.de\/wp-content\/plugins\/wp-youtube-lyte\/lyteCache.php?origThumbUrl=%2F%2Fi.ytimg.com%2Fvi%2FEi8az2fgCu8%2Fhqdefault.jpg\" class=\"pL\"><div class=\"tC\"><div class=\"tT\"><\/div><\/div><button tabindex=\"0\" class=\"play\"><\/button><div class=\"ctrl\"><div class=\"Lctrl\"><\/div><div class=\"Rctrl\"><\/div><\/div><\/div><noscript><a href=\"https:\/\/youtu.be\/Ei8az2fgCu8\" rel=\"nofollow\"><img src=\"https:\/\/jobtrainer-blog.de\/wp-content\/plugins\/wp-youtube-lyte\/lyteCache.php?origThumbUrl=https%3A%2F%2Fi.ytimg.com%2Fvi%2FEi8az2fgCu8%2F0.jpg\" alt=\"YouTube-Video-Vorschaubild\" width=\"420\" height=\"295\" \/><br \/>Dieses Video auf YouTube ansehen<\/a><\/noscript><\/div><\/div><div class=\"lL\" style=\"max-width:100%;width:420px;margin:5px;\"><\/div><\/p>\n<p>Mit den besten W\u00fcnschen f\u00fcr einen guten Start in eine neue Saison!<\/p>\n<p>Ihr Reinhard Kr\u00f6ger vom Jobtrainer-Blog<\/p>\n","protected":false},"excerpt":{"rendered":"<p>Jeder braucht immer mal wieder einen Schuss Motivation, um seine Projekte durchzuf\u00fchren und lange geplante Vorhaben zu verwirklichen. Hier ein Motivationsvideo mit Thaddaeus Korona f\u00fcr die ersten Arbeitstage nach den Ferien\/nach dem Urlaub. Dieses Video auf YouTube ansehen Mit den besten W\u00fcnschen f\u00fcr einen guten Start in eine neue Saison! Ihr Reinhard Kr\u00f6ger vom Jobtrainer-Blog<\/p>\n","protected":false},"author":2,"featured_media":8212,"comment_status":"open","ping_status":"open","sticky":false,"template":"","format":"standard","meta":[],"categories":[6,5],"tags":[19],"aioseo_notices":[],"aioseo_head":"\n\t\t<!-- All in One SEO 5.0.0.1 - aioseo.com -->\n\t<meta name=\"description\" content=\"Motivation f\u00fcr die Zeit nach dem Urlaub! Jeder braucht immer mal wieder einen Schuss Motivation. Hier ein Motivationsvideo mit Thaddaeus Korona f\u00fcr...\" \/>\n\t<meta name=\"robots\" content=\"max-image-preview:large\" \/>\n\t<meta name=\"author\" content=\"Reinhard Kroeger\"\/>\n\t<meta name=\"keywords\" content=\"motivation\" \/>\n\t<link rel=\"canonical\" href=\"https:\/\/jobtrainer-blog.de\/?p=3506\" \/>\n\t<meta name=\"generator\" content=\"All in One SEO (AIOSEO) 5.0.0.1\" \/>\n\t\t<script type=\"application\/ld+json\" class=\"aioseo-schema\">\n\t\t\t{\"@context\":\"https:\\\/\\\/schema.org\",\"@graph\":[{\"@type\":\"Article\",\"@id\":\"https:\\\/\\\/jobtrainer-blog.de\\\/?p=3506#article\",\"name\":\"Motivation f\\u00fcr die Zeit nach dem Urlaub!\",\"headline\":\"Motivation f\\u00fcr die Zeit nach dem Urlaub!\",\"author\":{\"@id\":\"https:\\\/\\\/jobtrainer-blog.de\\\/?author=2#author\"},\"publisher\":{\"@id\":\"https:\\\/\\\/jobtrainer-blog.de\\\/#organization\"},\"image\":{\"@type\":\"ImageObject\",\"url\":\"https:\\\/\\\/jobtrainer-blog.de\\\/wp-content\\\/uploads\\\/2013\\\/04\\\/traffic-light-1024768_640.jpg\",\"width\":640,\"height\":480,\"caption\":\"Ampel gr\\u00fcn\"},\"datePublished\":\"2013-09-16T10:36:20+02:00\",\"dateModified\":\"2021-11-18T09:48:12+02:00\",\"inLanguage\":\"de-DE\",\"mainEntityOfPage\":{\"@id\":\"https:\\\/\\\/jobtrainer-blog.de\\\/?p=3506#webpage\"},\"isPartOf\":{\"@id\":\"https:\\\/\\\/jobtrainer-blog.de\\\/?p=3506#webpage\"},\"articleSection\":\"f\\u00fcr Berater und Trainer, Videos\\\/Filme, Motivation\"},{\"@type\":\"BreadcrumbList\",\"@id\":\"https:\\\/\\\/jobtrainer-blog.de\\\/?p=3506#breadcrumblist\",\"itemListElement\":[{\"@type\":\"ListItem\",\"@id\":\"https:\\\/\\\/jobtrainer-blog.de#listItem\",\"position\":1,\"name\":\"Home\",\"item\":\"https:\\\/\\\/jobtrainer-blog.de\",\"nextItem\":{\"@type\":\"ListItem\",\"@id\":\"https:\\\/\\\/jobtrainer-blog.de\\\/?cat=5#listItem\",\"name\":\"Videos\\\/Filme\"}},{\"@type\":\"ListItem\",\"@id\":\"https:\\\/\\\/jobtrainer-blog.de\\\/?cat=5#listItem\",\"position\":2,\"name\":\"Videos\\\/Filme\",\"item\":\"https:\\\/\\\/jobtrainer-blog.de\\\/?cat=5\",\"nextItem\":{\"@type\":\"ListItem\",\"@id\":\"https:\\\/\\\/jobtrainer-blog.de\\\/?p=3506#listItem\",\"name\":\"Motivation f\\u00fcr die Zeit nach dem Urlaub!\"},\"previousItem\":{\"@type\":\"ListItem\",\"@id\":\"https:\\\/\\\/jobtrainer-blog.de#listItem\",\"name\":\"Home\"}},{\"@type\":\"ListItem\",\"@id\":\"https:\\\/\\\/jobtrainer-blog.de\\\/?p=3506#listItem\",\"position\":3,\"name\":\"Motivation f\\u00fcr die Zeit nach dem Urlaub!\",\"previousItem\":{\"@type\":\"ListItem\",\"@id\":\"https:\\\/\\\/jobtrainer-blog.de\\\/?cat=5#listItem\",\"name\":\"Videos\\\/Filme\"}}]},{\"@type\":\"Organization\",\"@id\":\"https:\\\/\\\/jobtrainer-blog.de\\\/#organization\",\"name\":\"Reinhard Kr\\u00f6ger Job-Training\",\"description\":\"F\\u00fcr Jobcoaches in Arbeitsmarktprojekten\",\"url\":\"https:\\\/\\\/jobtrainer-blog.de\\\/\",\"telephone\":\"+4923273698902\",\"logo\":{\"@type\":\"ImageObject\",\"url\":\"https:\\\/\\\/jobtrainer-blog.de\\\/wp-content\\\/uploads\\\/2023\\\/09\\\/logo_jobtraining_cmyk.png\",\"@id\":\"https:\\\/\\\/jobtrainer-blog.de\\\/?p=3506\\\/#organizationLogo\",\"width\":1538,\"height\":367,\"caption\":\"Logo f\\u00fcr Job-Training Reinhard Kr\\u00f6ger\"},\"image\":{\"@id\":\"https:\\\/\\\/jobtrainer-blog.de\\\/?p=3506\\\/#organizationLogo\"},\"sameAs\":[\"https:\\\/\\\/www.youtube.com\\\/channel\\\/UCdXfHaDZvM6JmNTReh_dJJA\"]},{\"@type\":\"Person\",\"@id\":\"https:\\\/\\\/jobtrainer-blog.de\\\/?author=2#author\",\"url\":\"https:\\\/\\\/jobtrainer-blog.de\\\/?author=2\",\"name\":\"Reinhard Kroeger\",\"image\":{\"@type\":\"ImageObject\",\"@id\":\"https:\\\/\\\/jobtrainer-blog.de\\\/?p=3506#authorImage\",\"url\":\"https:\\\/\\\/secure.gravatar.com\\\/avatar\\\/94e6917ca5a1b81b22ea789cf30c3210?s=96&d=mm&r=g\",\"width\":96,\"height\":96,\"caption\":\"Reinhard Kroeger\"}},{\"@type\":\"WebPage\",\"@id\":\"https:\\\/\\\/jobtrainer-blog.de\\\/?p=3506#webpage\",\"url\":\"https:\\\/\\\/jobtrainer-blog.de\\\/?p=3506\",\"name\":\"Motivation f\\u00fcr die Zeit nach dem Urlaub!\",\"description\":\"Motivation f\\u00fcr die Zeit nach dem Urlaub! Jeder braucht immer mal wieder einen Schuss Motivation. Hier ein Motivationsvideo mit Thaddaeus Korona f\\u00fcr...\",\"inLanguage\":\"de-DE\",\"isPartOf\":{\"@id\":\"https:\\\/\\\/jobtrainer-blog.de\\\/#website\"},\"breadcrumb\":{\"@id\":\"https:\\\/\\\/jobtrainer-blog.de\\\/?p=3506#breadcrumblist\"},\"author\":{\"@id\":\"https:\\\/\\\/jobtrainer-blog.de\\\/?author=2#author\"},\"creator\":{\"@id\":\"https:\\\/\\\/jobtrainer-blog.de\\\/?author=2#author\"},\"image\":{\"@type\":\"ImageObject\",\"url\":\"https:\\\/\\\/jobtrainer-blog.de\\\/wp-content\\\/uploads\\\/2013\\\/04\\\/traffic-light-1024768_640.jpg\",\"@id\":\"https:\\\/\\\/jobtrainer-blog.de\\\/?p=3506\\\/#mainImage\",\"width\":640,\"height\":480,\"caption\":\"Ampel gr\\u00fcn\"},\"primaryImageOfPage\":{\"@id\":\"https:\\\/\\\/jobtrainer-blog.de\\\/?p=3506#mainImage\"},\"datePublished\":\"2013-09-16T10:36:20+02:00\",\"dateModified\":\"2021-11-18T09:48:12+02:00\"},{\"@type\":\"WebSite\",\"@id\":\"https:\\\/\\\/jobtrainer-blog.de\\\/#website\",\"url\":\"https:\\\/\\\/jobtrainer-blog.de\\\/\",\"name\":\"Jobtrainer-Blog\",\"description\":\"F\\u00fcr Jobcoaches in Arbeitsmarktprojekten\",\"inLanguage\":\"de-DE\",\"publisher\":{\"@id\":\"https:\\\/\\\/jobtrainer-blog.de\\\/#organization\"}}]}\n\t\t<\/script>\n\t\t<!-- All in One SEO -->\n\n","aioseo_head_json":{"title":"Motivation f\u00fcr die Zeit nach dem Urlaub!","description":"Motivation f\u00fcr die Zeit nach dem Urlaub! Jeder braucht immer mal wieder einen Schuss Motivation. Hier ein Motivationsvideo mit Thaddaeus Korona f\u00fcr...","canonical_url":"https:\/\/jobtrainer-blog.de\/?p=3506","robots":"max-image-preview:large","keywords":"motivation","webmasterTools":{"miscellaneous":""},"schema":{"@context":"https:\/\/schema.org","@graph":[{"@type":"Article","@id":"https:\/\/jobtrainer-blog.de\/?p=3506#article","name":"Motivation f\u00fcr die Zeit nach dem Urlaub!","headline":"Motivation f\u00fcr die Zeit nach dem Urlaub!","author":{"@id":"https:\/\/jobtrainer-blog.de\/?author=2#author"},"publisher":{"@id":"https:\/\/jobtrainer-blog.de\/#organization"},"image":{"@type":"ImageObject","url":"https:\/\/jobtrainer-blog.de\/wp-content\/uploads\/2013\/04\/traffic-light-1024768_640.jpg","width":640,"height":480,"caption":"Ampel gr\u00fcn"},"datePublished":"2013-09-16T10:36:20+02:00","dateModified":"2021-11-18T09:48:12+02:00","inLanguage":"de-DE","mainEntityOfPage":{"@id":"https:\/\/jobtrainer-blog.de\/?p=3506#webpage"},"isPartOf":{"@id":"https:\/\/jobtrainer-blog.de\/?p=3506#webpage"},"articleSection":"f\u00fcr Berater und Trainer, Videos\/Filme, Motivation"},{"@type":"BreadcrumbList","@id":"https:\/\/jobtrainer-blog.de\/?p=3506#breadcrumblist","itemListElement":[{"@type":"ListItem","@id":"https:\/\/jobtrainer-blog.de#listItem","position":1,"name":"Home","item":"https:\/\/jobtrainer-blog.de","nextItem":{"@type":"ListItem","@id":"https:\/\/jobtrainer-blog.de\/?cat=5#listItem","name":"Videos\/Filme"}},{"@type":"ListItem","@id":"https:\/\/jobtrainer-blog.de\/?cat=5#listItem","position":2,"name":"Videos\/Filme","item":"https:\/\/jobtrainer-blog.de\/?cat=5","nextItem":{"@type":"ListItem","@id":"https:\/\/jobtrainer-blog.de\/?p=3506#listItem","name":"Motivation f\u00fcr die Zeit nach dem Urlaub!"},"previousItem":{"@type":"ListItem","@id":"https:\/\/jobtrainer-blog.de#listItem","name":"Home"}},{"@type":"ListItem","@id":"https:\/\/jobtrainer-blog.de\/?p=3506#listItem","position":3,"name":"Motivation f\u00fcr die Zeit nach dem Urlaub!","previousItem":{"@type":"ListItem","@id":"https:\/\/jobtrainer-blog.de\/?cat=5#listItem","name":"Videos\/Filme"}}]},{"@type":"Organization","@id":"https:\/\/jobtrainer-blog.de\/#organization","name":"Reinhard Kr\u00f6ger Job-Training","description":"F\u00fcr Jobcoaches in Arbeitsmarktprojekten","url":"https:\/\/jobtrainer-blog.de\/","telephone":"+4923273698902","logo":{"@type":"ImageObject","url":"https:\/\/jobtrainer-blog.de\/wp-content\/uploads\/2023\/09\/logo_jobtraining_cmyk.png","@id":"https:\/\/jobtrainer-blog.de\/?p=3506\/#organizationLogo","width":1538,"height":367,"caption":"Logo f\u00fcr Job-Training Reinhard Kr\u00f6ger"},"image":{"@id":"https:\/\/jobtrainer-blog.de\/?p=3506\/#organizationLogo"},"sameAs":["https:\/\/www.youtube.com\/channel\/UCdXfHaDZvM6JmNTReh_dJJA"]},{"@type":"Person","@id":"https:\/\/jobtrainer-blog.de\/?author=2#author","url":"https:\/\/jobtrainer-blog.de\/?author=2","name":"Reinhard Kroeger","image":{"@type":"ImageObject","@id":"https:\/\/jobtrainer-blog.de\/?p=3506#authorImage","url":"https:\/\/secure.gravatar.com\/avatar\/94e6917ca5a1b81b22ea789cf30c3210?s=96&d=mm&r=g","width":96,"height":96,"caption":"Reinhard Kroeger"}},{"@type":"WebPage","@id":"https:\/\/jobtrainer-blog.de\/?p=3506#webpage","url":"https:\/\/jobtrainer-blog.de\/?p=3506","name":"Motivation f\u00fcr die Zeit nach dem Urlaub!","description":"Motivation f\u00fcr die Zeit nach dem Urlaub! Jeder braucht immer mal wieder einen Schuss Motivation. Hier ein Motivationsvideo mit Thaddaeus Korona f\u00fcr...","inLanguage":"de-DE","isPartOf":{"@id":"https:\/\/jobtrainer-blog.de\/#website"},"breadcrumb":{"@id":"https:\/\/jobtrainer-blog.de\/?p=3506#breadcrumblist"},"author":{"@id":"https:\/\/jobtrainer-blog.de\/?author=2#author"},"creator":{"@id":"https:\/\/jobtrainer-blog.de\/?author=2#author"},"image":{"@type":"ImageObject","url":"https:\/\/jobtrainer-blog.de\/wp-content\/uploads\/2013\/04\/traffic-light-1024768_640.jpg","@id":"https:\/\/jobtrainer-blog.de\/?p=3506\/#mainImage","width":640,"height":480,"caption":"Ampel gr\u00fcn"},"primaryImageOfPage":{"@id":"https:\/\/jobtrainer-blog.de\/?p=3506#mainImage"},"datePublished":"2013-09-16T10:36:20+02:00","dateModified":"2021-11-18T09:48:12+02:00"},{"@type":"WebSite","@id":"https:\/\/jobtrainer-blog.de\/#website","url":"https:\/\/jobtrainer-blog.de\/","name":"Jobtrainer-Blog","description":"F\u00fcr Jobcoaches in Arbeitsmarktprojekten","inLanguage":"de-DE","publisher":{"@id":"https:\/\/jobtrainer-blog.de\/#organization"}}]}},"aioseo_meta_data":{"post_id":"3506","title":"Motivation f\u00fcr die Zeit nach dem Urlaub!","description":"Motivation f\u00fcr die Zeit nach dem Urlaub! Jeder braucht immer mal wieder einen Schuss Motivation. Hier ein Motivationsvideo mit Thaddaeus Korona f\u00fcr...","keywords":[],"keyphrases":{"focus":{"keyphrase":"Motivation f\u00fcr die Zeit nach dem Urlaub!","score":72,"analysis":{"keyphraseInTitle":{"title":"Focus Keyphrase in SEO title","description":"Focus Keyphrase found in SEO title.","score":9,"maxScore":9,"error":0},"keyphraseInDescription":{"title":"Focus keyphrase in meta description","description":"Focus keyphrase found in meta description.","score":9,"maxScore":9,"error":0},"keyphraseInURL":[],"keyphraseInIntroduction":{"title":"Focus keyphrase in introduction","description":"Your Focus keyphrase does not appear in the first paragraph. Make sure the topic is clear immediately.","score":3,"maxScore":9,"error":1},"keyphraseInSubHeadings":{"title":"Focus Keyphrase in Subheadings","description":"Your H2 and H3 subheadings reflects the topic of your copy. Good job!","score":9,"maxScore":9,"error":0},"keyphraseInImageAlt":{"title":"Focus keyphrase in image alt attributes","description":"Focus keyphrase not found in image alt attribute(s). Add an image with your Focus keyphrase as alt text.","score":3,"maxScore":9,"error":1},"keyphraseLength":{"title":"Focus keyphrase length","description":"Focus keyphrase is slightly long. Try to make it shorter.","score":6,"maxScore":9,"error":1,"length":7}}},"additional":[]},"primary_term":null,"canonical_url":null,"og_title":null,"og_description":null,"og_object_type":"default","og_image_type":"default","og_image_url":null,"og_image_width":null,"og_image_height":null,"og_image_custom_url":null,"og_image_custom_fields":null,"og_video":"","og_custom_url":null,"og_article_section":null,"og_article_tags":[],"twitter_use_og":false,"twitter_card":"default","twitter_image_type":"default","twitter_image_url":null,"twitter_image_custom_url":null,"twitter_image_custom_fields":null,"twitter_title":null,"twitter_description":null,"schema":{"blockGraphs":[],"customGraphs":[],"default":{"data":{"Article":[],"Course":[],"Dataset":[],"FAQPage":[],"Movie":[],"Person":[],"Product":[],"ProductReview":[],"Car":[],"Recipe":[],"Service":[],"SoftwareApplication":[],"WebPage":[]},"graphName":"","isEnabled":true},"graphs":[]},"schema_type":"none","schema_type_options":"{\"webPage\":{\"webPageType\":\"WebPage\"},\"article\":{\"articleType\":\"BlogPosting\"},\"book\":[],\"course\":[],\"event\":[],\"jobPosting\":[],\"music\":[],\"person\":[],\"product\":[],\"recipe\":[],\"restaurant\":[],\"service\":[],\"software\":[],\"video\":[]}","pillar_content":false,"robots_default":true,"robots_noindex":false,"robots_noarchive":false,"robots_nosnippet":false,"robots_nofollow":false,"robots_noimageindex":false,"robots_noodp":false,"robots_notranslate":false,"robots_max_snippet":"-1","robots_max_videopreview":"-1","robots_max_imagepreview":"large","priority":null,"frequency":"default","location":null,"local_seo":{"businessInfo":{"name":"","urls":{"website":"","aboutPage":"","contactPage":""},"address":{"line1":"","line2":"","zip":"","city":"","state":"","country":""},"contact":{"email":"","phone":"","fax":""},"ids":{"vatID":"","taxID":"","chamberID":""},"payment":{"priceIndication":"","currenciesAccepted":"","methodsAccepted":""},"areaServed":""},"openingHours":{"show":false,"closedLabel":"","open24h":false,"open24hLabel":"","open247":false,"use24hFormat":false,"twoSets":false,"timezone":"","hours":[]}},"breadcrumb_settings":null,"limit_modified_date":false,"ai":null,"created":"2021-01-25 14:59:52","updated":"2025-06-04 09:30:48","seo_analyzer_scan_date":null,"focus_keyword":"Motivation f\u00fcr die Zeit nach dem Urlaub!","additional_keywords":null,"truseo_locale":null},"_links":{"self":[{"href":"https:\/\/jobtrainer-blog.de\/index.php?rest_route=\/wp\/v2\/posts\/3506"}],"collection":[{"href":"https:\/\/jobtrainer-blog.de\/index.php?rest_route=\/wp\/v2\/posts"}],"about":[{"href":"https:\/\/jobtrainer-blog.de\/index.php?rest_route=\/wp\/v2\/types\/post"}],"author":[{"embeddable":true,"href":"https:\/\/jobtrainer-blog.de\/index.php?rest_route=\/wp\/v2\/users\/2"}],"replies":[{"embeddable":true,"href":"https:\/\/jobtrainer-blog.de\/index.php?rest_route=%2Fwp%2Fv2%2Fcomments&post=3506"}],"version-history":[{"count":0,"href":"https:\/\/jobtrainer-blog.de\/index.php?rest_route=\/wp\/v2\/posts\/3506\/revisions"}],"wp:featuredmedia":[{"embeddable":true,"href":"https:\/\/jobtrainer-blog.de\/index.php?rest_route=\/wp\/v2\/media\/8212"}],"wp:attachment":[{"href":"https:\/\/jobtrainer-blog.de\/index.php?rest_route=%2Fwp%2Fv2%2Fmedia&parent=3506"}],"wp:term":[{"taxonomy":"category","embeddable":true,"href":"https:\/\/jobtrainer-blog.de\/index.php?rest_route=%2Fwp%2Fv2%2Fcategories&post=3506"},{"taxonomy":"post_tag","embeddable":true,"href":"https:\/\/jobtrainer-blog.de\/index.php?rest_route=%2Fwp%2Fv2%2Ftags&post=3506"}],"curies":[{"name":"wp","href":"https:\/\/api.w.org\/{rel}","templated":true}]}}