{"id":3190,"date":"2013-06-11T10:56:56","date_gmt":"2013-06-11T10:56:56","guid":{"rendered":"https:\/\/jobtrainer-blog.de\/?p=3190"},"modified":"2022-12-17T11:09:10","modified_gmt":"2022-12-17T11:09:10","slug":"umgang-mit-widerstanden-in-gruppen","status":"publish","type":"post","link":"https:\/\/jobtrainer-blog.de\/?p=3190","title":{"rendered":"Das Kaktus-Problem &#8211; Umgang mit Widerst\u00e4nden in Gruppen!"},"content":{"rendered":"<p><strong>Stellen Sie sich vor, Sie arbeiten in einem Projekt mit jungen Erwachsenen bis 25 Jahre, die Sozialstunden zu erbringen haben und Arbeit oder Ausbildung suchen. Stellen Sie sich vor, diese haben keine Lust!<\/strong><\/p>\n<p>&nbsp;<\/p>\n<p>In der letzten Woche hatte ich einen anspruchsvollen Trainingsauftrag: ein Seminar im Ruhrgebiet mit MitarbeiterInnen, die in genau solch einem Projekt arbeiten. Thema: &#8222;Umgang mit Widerst\u00e4nden in Gruppen&#8220;.\u00a0 Da der Widerstand in dem Projekt erheblich war, konnten wir das Thema sehr praktisch angehen ;-).<\/p>\n<p>In der Seminargruppe haben wir uns deshalb zuerst intensiv mit den <strong>m\u00f6glichen Ursachen von Widerst\u00e4nden<\/strong> besch\u00e4ftigt: allgemeine <a href=\"https:\/\/jobtrainer-blog.de\/?p=3048#content\">Unlust<\/a>, Lernen wird negativ erlebt, fehlendes Bewusstsein f\u00fcr eigene Selbstwirksamkeit, sachlich falsche Selbsteinsch\u00e4tzung &#8222;Ich kann das nicht&#8220;,\u00a0 noch kein Vertrauen zu den Bezugspersonen, pers\u00f6nliche Probleme, Angst vor einzelnen Elementen des Programms&#8230;<\/p>\n<p>In einem n\u00e4chsten Schritt haben wir uns dann die <strong>verschiedenen Symptome des Widerstands<\/strong> angesehen: Widerspruch, Ausweichen, Aufregung und Lustlosigkeit.<\/p>\n<p>Und wie kann man nun mit diesen Widerst\u00e4nden umgehen?<\/p>\n<p><strong>Ich schlage zurzeit drei Methoden vor, um mit Widerstand in Gruppen konstruktiv umzugehen und ihn im Endeffekt gemeinsam mit den Gruppenteilnehmern zu \u00fcberwinden.<\/strong><\/p>\n<p>Diese drei Methoden sind die Interventionstechniken nach Paul Lahninger,<\/p>\n<ul>\n<li>einf\u00fchlen<\/li>\n<li>versachlichen<\/li>\n<li>abgrenzen<strong><br \/>\n<\/strong><\/li>\n<\/ul>\n<p>die wir anhand von Beispielen genauer untersucht und bearbeitet haben. Hier ein Arbeitsblatt mit <span style=\"color: #000080;\"><strong><a style=\"color: #000080;\" href=\"https:\/\/jobtrainer-blog.de\/wp-content\/uploads\/2020\/03\/Umgang-mit-Widerst\u00e4nden-in-Gruppen.pdf\">Beschreibungen der Interventionen<\/a><\/strong>.<\/span><\/p>\n<p>Zwei weitere, unverzichtbare Voraussetzungen sind Echtheit\/Identit\u00e4t der Mitarbeiter und die F\u00e4higkeit, Motivation bewusst zu f\u00f6rdern. Deshalb nahm die Besch\u00e4ftigung mit Strategien zur Motivation auch viel Raum ein.<\/p>\n<p>Vom Thema inspiriert, entwickelten die TeilnehmerInnen eine Liste mit Ideen f\u00fcr praktische Ver\u00e4nderungen im Projektablauf.<\/p>\n<p>Nochmal herzlichen Dank an alle Seminarteilnehmer f\u00fcr die engagierte Mitarbeit.<\/p>\n<p>Das Thema ist Bestandteil des Online-Trainings f\u00fcr Jobcoaches, <a href=\"https:\/\/jobtrainer-blog.de\/?page_id=8608\" target=\"_blank\" rel=\"noopener noreferrer\"><strong><span style=\"color: #000080;\">hier der Link<\/span><\/strong><\/a>, ausf\u00fchrliches Material dazu finden sie <strong><span style=\"color: #000080;\">hier<\/span><\/strong>.<\/p>\n<p>Mit Gr\u00fc\u00dfen aus dem Ruhrgebiet<\/p>\n<p>Reinhard Kr\u00f6ger<\/p>\n<p>&nbsp;<\/p>\n","protected":false},"excerpt":{"rendered":"<p>Stellen Sie sich vor, Sie arbeiten in einem Projekt mit jungen Erwachsenen bis 25 Jahre, die Sozialstunden zu erbringen haben und Arbeit oder Ausbildung suchen. Stellen Sie sich vor, diese haben keine Lust! &nbsp; In der letzten Woche hatte ich einen anspruchsvollen Trainingsauftrag: ein Seminar im Ruhrgebiet mit MitarbeiterInnen, die in genau solch einem Projekt [&hellip;]<\/p>\n","protected":false},"author":2,"featured_media":12361,"comment_status":"open","ping_status":"open","sticky":false,"template":"","format":"standard","meta":[],"categories":[36,6],"tags":[19],"aioseo_notices":[],"_links":{"self":[{"href":"https:\/\/jobtrainer-blog.de\/index.php?rest_route=\/wp\/v2\/posts\/3190"}],"collection":[{"href":"https:\/\/jobtrainer-blog.de\/index.php?rest_route=\/wp\/v2\/posts"}],"about":[{"href":"https:\/\/jobtrainer-blog.de\/index.php?rest_route=\/wp\/v2\/types\/post"}],"author":[{"embeddable":true,"href":"https:\/\/jobtrainer-blog.de\/index.php?rest_route=\/wp\/v2\/users\/2"}],"replies":[{"embeddable":true,"href":"https:\/\/jobtrainer-blog.de\/index.php?rest_route=%2Fwp%2Fv2%2Fcomments&post=3190"}],"version-history":[{"count":1,"href":"https:\/\/jobtrainer-blog.de\/index.php?rest_route=\/wp\/v2\/posts\/3190\/revisions"}],"predecessor-version":[{"id":15040,"href":"https:\/\/jobtrainer-blog.de\/index.php?rest_route=\/wp\/v2\/posts\/3190\/revisions\/15040"}],"wp:featuredmedia":[{"embeddable":true,"href":"https:\/\/jobtrainer-blog.de\/index.php?rest_route=\/wp\/v2\/media\/12361"}],"wp:attachment":[{"href":"https:\/\/jobtrainer-blog.de\/index.php?rest_route=%2Fwp%2Fv2%2Fmedia&parent=3190"}],"wp:term":[{"taxonomy":"category","embeddable":true,"href":"https:\/\/jobtrainer-blog.de\/index.php?rest_route=%2Fwp%2Fv2%2Fcategories&post=3190"},{"taxonomy":"post_tag","embeddable":true,"href":"https:\/\/jobtrainer-blog.de\/index.php?rest_route=%2Fwp%2Fv2%2Ftags&post=3190"}],"curies":[{"name":"wp","href":"https:\/\/api.w.org\/{rel}","templated":true}]}}