{"id":20,"date":"2011-02-24T11:56:56","date_gmt":"2011-02-24T11:56:56","guid":{"rendered":"https:\/\/jobtrainer-blog.de\/?p=20"},"modified":"2021-11-23T13:02:10","modified_gmt":"2021-11-23T13:02:10","slug":"in-90-tagen-aus-der-arbeitslosigkeit","status":"publish","type":"post","link":"https:\/\/jobtrainer-blog.de\/?p=20","title":{"rendered":"In 90 Tagen aus der Arbeitslosigkeit"},"content":{"rendered":"<p>Liebe Leserinnen und Leser des Blogs,<\/p>\n<p>es gibt sehr viele B\u00fccher zum Thema Arbeitssuche und Arbeitslosigkeit, nicht alle sind praxisorientiert und enthalten brauchbare Tipps. Heute m\u00f6chte ich Ihnen ein sehr effektives Buch vorstellen: Hans-Georg Willman f\u00fchrt die Leser in 90 Tagen zwar nicht um die Welt, aber in einer Schritt-f\u00fcr-Schritt-Anleitung aus der Arbeitslosigkeit heraus.<\/p>\n<p><strong><img decoding=\"async\" loading=\"lazy\" class=\"wp-image-7798 size-medium aligncenter\" src=\"https:\/\/jobtrainer-blog.de\/wp-content\/uploads\/2011\/02\/Grafik-in-90-Tagen-200x300.jpg\" alt=\"Grafik in 90 Tagen\" width=\"200\" height=\"300\" srcset=\"https:\/\/jobtrainer-blog.de\/wp-content\/uploads\/2011\/02\/Grafik-in-90-Tagen-200x300.jpg 200w, https:\/\/jobtrainer-blog.de\/wp-content\/uploads\/2011\/02\/Grafik-in-90-Tagen.jpg 333w\" sizes=\"(max-width: 200px) 100vw, 200px\" \/><\/strong><\/p>\n<p>Am Anfang des Buches wird der Leser angeregt, sich nach einem genauen <strong>90-Tage Plan<\/strong> zu richten, der einen gro\u00dfen Teil des Buches ausmacht. Jeder Wochentag besteht aus zwei Aktiv-Phasen, in denen der Leser z.B. eine Bewerbung schreibt oder nach Stellen recherchiert. Der Samstag hat eine Aktiv-Phase, der Sonntag ist frei. So wird der Arbeitsuchende\/die Arbeitsuchende herausgefordert, sich 90 Tage lang mit seiner oder ihrer beruflichen Positionierung zu besch\u00e4ftigen und w\u00f6chentlich ca. 30 Stunden Selbstmarketing zu betreiben.<\/p>\n<p>Recherchieren (Online-Stellenb\u00f6rsen), telefonieren, bewerben, auswerten, aktive Kontakte (finden), dokumentieren und auswerten &#8211; das sind die \u00dcberschriften der Aktiv-Phasen. Ich denke, bei einer kontinuierlichen Arbeit an 90 Tagen anhand dieses Konzeptes m\u00fcsste es mit der Jobaufnahme klappen. \u00dcbrigens: Auch lesenswert f\u00fcr Jobcoaches und DozentInnen: Die Pl\u00e4ne und Aktiv-Phasen k\u00f6nnen etwas angepasst auch in Arbeitsmarktprojekten eingesetzt werden!<\/p>\n<p><strong> Hans-Georg Willmann<\/strong><br \/>\n<strong> In 90 Tagen aus der Arbeitslosigkeit. Schritt f\u00fcr Schritt zum neuen Job<\/strong><br \/>\nISBN 978-3-589-23736-4<br \/>\n\u20ac (D) 14,95\/ \u20ac (A) 15,40\/ sFr 27,70*<br \/>\nCornelsen Verlag Scriptor 2010<\/p>\n<p><strong>Update:<\/strong> D<strong>as Buch ist leider nur noch gebraucht zu beschaffen, z.B. \u00fcber Amazon oder Medimops, es lohnt sich aber danach zu suchen!<\/strong><\/p>\n","protected":false},"excerpt":{"rendered":"<p>Liebe Leserinnen und Leser des Blogs, es gibt sehr viele B\u00fccher zum Thema Arbeitssuche und Arbeitslosigkeit, nicht alle sind praxisorientiert und enthalten brauchbare Tipps. Heute m\u00f6chte ich Ihnen ein sehr effektives Buch vorstellen: Hans-Georg Willman f\u00fchrt die Leser in 90 Tagen zwar nicht um die Welt, aber in einer Schritt-f\u00fcr-Schritt-Anleitung aus der Arbeitslosigkeit heraus. Am [&hellip;]<\/p>\n","protected":false},"author":2,"featured_media":7973,"comment_status":"open","ping_status":"open","sticky":false,"template":"","format":"standard","meta":[],"categories":[15,4,23],"tags":[7],"aioseo_notices":[],"aioseo_head":"\n\t\t<!-- All in One SEO 5.0.0.1 - aioseo.com -->\n\t<meta name=\"description\" content=\"In 90 Tagen aus der Arbeitslosigkeit! Hier ein sehr praxisorientiertes Buch von Hans-Georg Willmann. In 90 Tagen f\u00fchrt er die Leser ...\" \/>\n\t<meta name=\"robots\" content=\"max-image-preview:large\" \/>\n\t<meta name=\"author\" content=\"Reinhard Kroeger\"\/>\n\t<meta name=\"keywords\" content=\"arbeit finden,job finden,in 90 tagen aus der arbeitslosigkeit,in 90 tagen nicht mehr arbeitslos,schnell aus der arbeitslosigkeit,nicht mehr arbeitslos,gutes buch zum thema arbeitssuche,raus aus der arbeitslosigkeit,\" \/>\n\t<link rel=\"canonical\" href=\"https:\/\/jobtrainer-blog.de\/?p=20\" \/>\n\t<meta name=\"generator\" content=\"All in One SEO (AIOSEO) 5.0.0.1\" \/>\n\t\t<script type=\"application\/ld+json\" class=\"aioseo-schema\">\n\t\t\t{\"@context\":\"https:\\\/\\\/schema.org\",\"@graph\":[{\"@type\":\"Article\",\"@id\":\"https:\\\/\\\/jobtrainer-blog.de\\\/?p=20#article\",\"name\":\"In 90 Tagen aus der Arbeitslosigkeit!\",\"headline\":\"In 90 Tagen aus der Arbeitslosigkeit\",\"author\":{\"@id\":\"https:\\\/\\\/jobtrainer-blog.de\\\/?author=2#author\"},\"publisher\":{\"@id\":\"https:\\\/\\\/jobtrainer-blog.de\\\/#organization\"},\"image\":{\"@type\":\"ImageObject\",\"url\":\"https:\\\/\\\/jobtrainer-blog.de\\\/wp-content\\\/uploads\\\/2018\\\/04\\\/Arbeitsamt-Schlange.jpg\",\"width\":1280,\"height\":853,\"caption\":\"Waiting in Line --- Image by \\u00a9 Royalty-Free\\\/Corbis\"},\"datePublished\":\"2011-02-24T11:56:56+02:00\",\"dateModified\":\"2021-11-23T13:02:10+02:00\",\"inLanguage\":\"de-DE\",\"mainEntityOfPage\":{\"@id\":\"https:\\\/\\\/jobtrainer-blog.de\\\/?p=20#webpage\"},\"isPartOf\":{\"@id\":\"https:\\\/\\\/jobtrainer-blog.de\\\/?p=20#webpage\"},\"articleSection\":\"Berufsstrategie, B\\u00fccher, Selbstmanagement, Arbeit finden\"},{\"@type\":\"BreadcrumbList\",\"@id\":\"https:\\\/\\\/jobtrainer-blog.de\\\/?p=20#breadcrumblist\",\"itemListElement\":[{\"@type\":\"ListItem\",\"@id\":\"https:\\\/\\\/jobtrainer-blog.de#listItem\",\"position\":1,\"name\":\"Home\",\"item\":\"https:\\\/\\\/jobtrainer-blog.de\",\"nextItem\":{\"@type\":\"ListItem\",\"@id\":\"https:\\\/\\\/jobtrainer-blog.de\\\/?cat=4#listItem\",\"name\":\"B\\u00fccher\"}},{\"@type\":\"ListItem\",\"@id\":\"https:\\\/\\\/jobtrainer-blog.de\\\/?cat=4#listItem\",\"position\":2,\"name\":\"B\\u00fccher\",\"item\":\"https:\\\/\\\/jobtrainer-blog.de\\\/?cat=4\",\"nextItem\":{\"@type\":\"ListItem\",\"@id\":\"https:\\\/\\\/jobtrainer-blog.de\\\/?p=20#listItem\",\"name\":\"In 90 Tagen aus der Arbeitslosigkeit\"},\"previousItem\":{\"@type\":\"ListItem\",\"@id\":\"https:\\\/\\\/jobtrainer-blog.de#listItem\",\"name\":\"Home\"}},{\"@type\":\"ListItem\",\"@id\":\"https:\\\/\\\/jobtrainer-blog.de\\\/?p=20#listItem\",\"position\":3,\"name\":\"In 90 Tagen aus der Arbeitslosigkeit\",\"previousItem\":{\"@type\":\"ListItem\",\"@id\":\"https:\\\/\\\/jobtrainer-blog.de\\\/?cat=4#listItem\",\"name\":\"B\\u00fccher\"}}]},{\"@type\":\"Organization\",\"@id\":\"https:\\\/\\\/jobtrainer-blog.de\\\/#organization\",\"name\":\"Reinhard Kr\\u00f6ger Job-Training\",\"description\":\"F\\u00fcr Jobcoaches in Arbeitsmarktprojekten\",\"url\":\"https:\\\/\\\/jobtrainer-blog.de\\\/\",\"telephone\":\"+4923273698902\",\"logo\":{\"@type\":\"ImageObject\",\"url\":\"https:\\\/\\\/jobtrainer-blog.de\\\/wp-content\\\/uploads\\\/2023\\\/09\\\/logo_jobtraining_cmyk.png\",\"@id\":\"https:\\\/\\\/jobtrainer-blog.de\\\/?p=20\\\/#organizationLogo\",\"width\":1538,\"height\":367,\"caption\":\"Logo f\\u00fcr Job-Training Reinhard Kr\\u00f6ger\"},\"image\":{\"@id\":\"https:\\\/\\\/jobtrainer-blog.de\\\/?p=20\\\/#organizationLogo\"},\"sameAs\":[\"https:\\\/\\\/www.youtube.com\\\/channel\\\/UCdXfHaDZvM6JmNTReh_dJJA\"]},{\"@type\":\"Person\",\"@id\":\"https:\\\/\\\/jobtrainer-blog.de\\\/?author=2#author\",\"url\":\"https:\\\/\\\/jobtrainer-blog.de\\\/?author=2\",\"name\":\"Reinhard Kroeger\",\"image\":{\"@type\":\"ImageObject\",\"@id\":\"https:\\\/\\\/jobtrainer-blog.de\\\/?p=20#authorImage\",\"url\":\"https:\\\/\\\/secure.gravatar.com\\\/avatar\\\/94e6917ca5a1b81b22ea789cf30c3210?s=96&d=mm&r=g\",\"width\":96,\"height\":96,\"caption\":\"Reinhard Kroeger\"}},{\"@type\":\"WebPage\",\"@id\":\"https:\\\/\\\/jobtrainer-blog.de\\\/?p=20#webpage\",\"url\":\"https:\\\/\\\/jobtrainer-blog.de\\\/?p=20\",\"name\":\"In 90 Tagen aus der Arbeitslosigkeit!\",\"description\":\"In 90 Tagen aus der Arbeitslosigkeit! Hier ein sehr praxisorientiertes Buch von Hans-Georg Willmann. In 90 Tagen f\\u00fchrt er die Leser ...\",\"inLanguage\":\"de-DE\",\"isPartOf\":{\"@id\":\"https:\\\/\\\/jobtrainer-blog.de\\\/#website\"},\"breadcrumb\":{\"@id\":\"https:\\\/\\\/jobtrainer-blog.de\\\/?p=20#breadcrumblist\"},\"author\":{\"@id\":\"https:\\\/\\\/jobtrainer-blog.de\\\/?author=2#author\"},\"creator\":{\"@id\":\"https:\\\/\\\/jobtrainer-blog.de\\\/?author=2#author\"},\"image\":{\"@type\":\"ImageObject\",\"url\":\"https:\\\/\\\/jobtrainer-blog.de\\\/wp-content\\\/uploads\\\/2018\\\/04\\\/Arbeitsamt-Schlange.jpg\",\"@id\":\"https:\\\/\\\/jobtrainer-blog.de\\\/?p=20\\\/#mainImage\",\"width\":1280,\"height\":853,\"caption\":\"Waiting in Line --- Image by \\u00a9 Royalty-Free\\\/Corbis\"},\"primaryImageOfPage\":{\"@id\":\"https:\\\/\\\/jobtrainer-blog.de\\\/?p=20#mainImage\"},\"datePublished\":\"2011-02-24T11:56:56+02:00\",\"dateModified\":\"2021-11-23T13:02:10+02:00\"},{\"@type\":\"WebSite\",\"@id\":\"https:\\\/\\\/jobtrainer-blog.de\\\/#website\",\"url\":\"https:\\\/\\\/jobtrainer-blog.de\\\/\",\"name\":\"Jobtrainer-Blog\",\"description\":\"F\\u00fcr Jobcoaches in Arbeitsmarktprojekten\",\"inLanguage\":\"de-DE\",\"publisher\":{\"@id\":\"https:\\\/\\\/jobtrainer-blog.de\\\/#organization\"}}]}\n\t\t<\/script>\n\t\t<!-- All in One SEO -->\n\n","aioseo_head_json":{"title":"In 90 Tagen aus der Arbeitslosigkeit!","description":"In 90 Tagen aus der Arbeitslosigkeit! Hier ein sehr praxisorientiertes Buch von Hans-Georg Willmann. In 90 Tagen f\u00fchrt er die Leser ...","canonical_url":"https:\/\/jobtrainer-blog.de\/?p=20","robots":"max-image-preview:large","keywords":"arbeit finden,job finden,in 90 tagen aus der arbeitslosigkeit,in 90 tagen nicht mehr arbeitslos,schnell aus der arbeitslosigkeit,nicht mehr arbeitslos,gutes buch zum thema arbeitssuche,raus aus der arbeitslosigkeit,","webmasterTools":{"miscellaneous":""},"schema":{"@context":"https:\/\/schema.org","@graph":[{"@type":"Article","@id":"https:\/\/jobtrainer-blog.de\/?p=20#article","name":"In 90 Tagen aus der Arbeitslosigkeit!","headline":"In 90 Tagen aus der Arbeitslosigkeit","author":{"@id":"https:\/\/jobtrainer-blog.de\/?author=2#author"},"publisher":{"@id":"https:\/\/jobtrainer-blog.de\/#organization"},"image":{"@type":"ImageObject","url":"https:\/\/jobtrainer-blog.de\/wp-content\/uploads\/2018\/04\/Arbeitsamt-Schlange.jpg","width":1280,"height":853,"caption":"Waiting in Line --- Image by \u00a9 Royalty-Free\/Corbis"},"datePublished":"2011-02-24T11:56:56+02:00","dateModified":"2021-11-23T13:02:10+02:00","inLanguage":"de-DE","mainEntityOfPage":{"@id":"https:\/\/jobtrainer-blog.de\/?p=20#webpage"},"isPartOf":{"@id":"https:\/\/jobtrainer-blog.de\/?p=20#webpage"},"articleSection":"Berufsstrategie, B\u00fccher, Selbstmanagement, Arbeit finden"},{"@type":"BreadcrumbList","@id":"https:\/\/jobtrainer-blog.de\/?p=20#breadcrumblist","itemListElement":[{"@type":"ListItem","@id":"https:\/\/jobtrainer-blog.de#listItem","position":1,"name":"Home","item":"https:\/\/jobtrainer-blog.de","nextItem":{"@type":"ListItem","@id":"https:\/\/jobtrainer-blog.de\/?cat=4#listItem","name":"B\u00fccher"}},{"@type":"ListItem","@id":"https:\/\/jobtrainer-blog.de\/?cat=4#listItem","position":2,"name":"B\u00fccher","item":"https:\/\/jobtrainer-blog.de\/?cat=4","nextItem":{"@type":"ListItem","@id":"https:\/\/jobtrainer-blog.de\/?p=20#listItem","name":"In 90 Tagen aus der Arbeitslosigkeit"},"previousItem":{"@type":"ListItem","@id":"https:\/\/jobtrainer-blog.de#listItem","name":"Home"}},{"@type":"ListItem","@id":"https:\/\/jobtrainer-blog.de\/?p=20#listItem","position":3,"name":"In 90 Tagen aus der Arbeitslosigkeit","previousItem":{"@type":"ListItem","@id":"https:\/\/jobtrainer-blog.de\/?cat=4#listItem","name":"B\u00fccher"}}]},{"@type":"Organization","@id":"https:\/\/jobtrainer-blog.de\/#organization","name":"Reinhard Kr\u00f6ger Job-Training","description":"F\u00fcr Jobcoaches in Arbeitsmarktprojekten","url":"https:\/\/jobtrainer-blog.de\/","telephone":"+4923273698902","logo":{"@type":"ImageObject","url":"https:\/\/jobtrainer-blog.de\/wp-content\/uploads\/2023\/09\/logo_jobtraining_cmyk.png","@id":"https:\/\/jobtrainer-blog.de\/?p=20\/#organizationLogo","width":1538,"height":367,"caption":"Logo f\u00fcr Job-Training Reinhard Kr\u00f6ger"},"image":{"@id":"https:\/\/jobtrainer-blog.de\/?p=20\/#organizationLogo"},"sameAs":["https:\/\/www.youtube.com\/channel\/UCdXfHaDZvM6JmNTReh_dJJA"]},{"@type":"Person","@id":"https:\/\/jobtrainer-blog.de\/?author=2#author","url":"https:\/\/jobtrainer-blog.de\/?author=2","name":"Reinhard Kroeger","image":{"@type":"ImageObject","@id":"https:\/\/jobtrainer-blog.de\/?p=20#authorImage","url":"https:\/\/secure.gravatar.com\/avatar\/94e6917ca5a1b81b22ea789cf30c3210?s=96&d=mm&r=g","width":96,"height":96,"caption":"Reinhard Kroeger"}},{"@type":"WebPage","@id":"https:\/\/jobtrainer-blog.de\/?p=20#webpage","url":"https:\/\/jobtrainer-blog.de\/?p=20","name":"In 90 Tagen aus der Arbeitslosigkeit!","description":"In 90 Tagen aus der Arbeitslosigkeit! Hier ein sehr praxisorientiertes Buch von Hans-Georg Willmann. In 90 Tagen f\u00fchrt er die Leser ...","inLanguage":"de-DE","isPartOf":{"@id":"https:\/\/jobtrainer-blog.de\/#website"},"breadcrumb":{"@id":"https:\/\/jobtrainer-blog.de\/?p=20#breadcrumblist"},"author":{"@id":"https:\/\/jobtrainer-blog.de\/?author=2#author"},"creator":{"@id":"https:\/\/jobtrainer-blog.de\/?author=2#author"},"image":{"@type":"ImageObject","url":"https:\/\/jobtrainer-blog.de\/wp-content\/uploads\/2018\/04\/Arbeitsamt-Schlange.jpg","@id":"https:\/\/jobtrainer-blog.de\/?p=20\/#mainImage","width":1280,"height":853,"caption":"Waiting in Line --- Image by \u00a9 Royalty-Free\/Corbis"},"primaryImageOfPage":{"@id":"https:\/\/jobtrainer-blog.de\/?p=20#mainImage"},"datePublished":"2011-02-24T11:56:56+02:00","dateModified":"2021-11-23T13:02:10+02:00"},{"@type":"WebSite","@id":"https:\/\/jobtrainer-blog.de\/#website","url":"https:\/\/jobtrainer-blog.de\/","name":"Jobtrainer-Blog","description":"F\u00fcr Jobcoaches in Arbeitsmarktprojekten","inLanguage":"de-DE","publisher":{"@id":"https:\/\/jobtrainer-blog.de\/#organization"}}]}},"aioseo_meta_data":{"post_id":"20","title":"In 90 Tagen aus der Arbeitslosigkeit!","description":"In 90 Tagen aus der Arbeitslosigkeit! Hier ein sehr praxisorientiertes Buch von Hans-Georg Willmann.&nbsp;In 90 Tagen f\u00fchrt er die Leser ...","keywords":[{"label":"Arbeit finden","value":"Arbeit finden"},{"label":"Job finden","value":"Job finden"},{"label":"in 90 Tagen aus der Arbeitslosigkeit","value":"in 90 Tagen aus der Arbeitslosigkeit"},{"label":"in 90 Tagen nicht mehr arbeitslos","value":"in 90 Tagen nicht mehr arbeitslos"},{"label":"schnell aus der Arbeitslosigkeit","value":"schnell aus der Arbeitslosigkeit"},{"label":"nicht mehr arbeitslos","value":"nicht mehr arbeitslos"},{"label":"gutes Buch zum Thema Arbeitssuche","value":"gutes Buch zum Thema Arbeitssuche"},{"label":"raus aus der Arbeitslosigkeit,","value":"raus aus der Arbeitslosigkeit,"}],"keyphrases":{"focus":{"keyphrase":"In 90 Tagen aus der Arbeitslosigkeit!","score":72,"analysis":{"keyphraseInTitle":{"title":"Focus Keyphrase in SEO title","description":"Focus Keyphrase found in SEO title.","score":9,"maxScore":9,"error":0},"keyphraseInDescription":{"title":"Focus keyphrase in meta description","description":"Focus keyphrase found in meta description.","score":9,"maxScore":9,"error":0},"keyphraseInURL":[],"keyphraseInIntroduction":{"title":"Focus keyphrase in introduction","description":"Your Focus keyphrase does not appear in the first paragraph. Make sure the topic is clear immediately.","score":3,"maxScore":9,"error":1},"keyphraseInSubHeadings":{"title":"Focus Keyphrase in Subheadings","description":"Your H2 and H3 subheadings reflects the topic of your copy. Good job!","score":9,"maxScore":9,"error":0},"keyphraseInImageAlt":{"title":"Focus keyphrase in image alt attributes","description":"Focus keyphrase not found in image alt attribute(s). Add an image with your Focus keyphrase as alt text.","score":3,"maxScore":9,"error":1},"keyphraseLength":{"title":"Focus keyphrase length","description":"Focus keyphrase is slightly long. Try to make it shorter.","score":6,"maxScore":9,"error":1,"length":5}}},"additional":[]},"primary_term":null,"canonical_url":null,"og_title":null,"og_description":null,"og_object_type":"default","og_image_type":"default","og_image_url":null,"og_image_width":null,"og_image_height":null,"og_image_custom_url":null,"og_image_custom_fields":null,"og_video":"","og_custom_url":null,"og_article_section":null,"og_article_tags":[],"twitter_use_og":false,"twitter_card":"default","twitter_image_type":"default","twitter_image_url":null,"twitter_image_custom_url":null,"twitter_image_custom_fields":null,"twitter_title":null,"twitter_description":null,"schema":{"blockGraphs":[],"customGraphs":[],"default":{"data":{"Article":[],"Course":[],"Dataset":[],"FAQPage":[],"Movie":[],"Person":[],"Product":[],"ProductReview":[],"Car":[],"Recipe":[],"Service":[],"SoftwareApplication":[],"WebPage":[]},"graphName":"","isEnabled":true},"graphs":[]},"schema_type":"none","schema_type_options":"{\"webPage\":{\"webPageType\":\"WebPage\"},\"article\":{\"articleType\":\"BlogPosting\"},\"book\":[],\"course\":[],\"event\":[],\"jobPosting\":[],\"music\":[],\"person\":[],\"product\":[],\"recipe\":[],\"restaurant\":[],\"service\":[],\"software\":[],\"video\":[]}","pillar_content":false,"robots_default":true,"robots_noindex":false,"robots_noarchive":false,"robots_nosnippet":false,"robots_nofollow":false,"robots_noimageindex":false,"robots_noodp":false,"robots_notranslate":false,"robots_max_snippet":"-1","robots_max_videopreview":"-1","robots_max_imagepreview":"large","priority":null,"frequency":"default","location":null,"local_seo":{"businessInfo":{"name":"","urls":{"website":"","aboutPage":"","contactPage":""},"address":{"line1":"","line2":"","zip":"","city":"","state":"","country":""},"contact":{"email":"","phone":"","fax":""},"ids":{"vatID":"","taxID":"","chamberID":""},"payment":{"priceIndication":"","currenciesAccepted":"","methodsAccepted":""},"areaServed":""},"openingHours":{"show":false,"closedLabel":"","open24h":false,"open24hLabel":"","open247":false,"use24hFormat":false,"twoSets":false,"timezone":"","hours":[]}},"breadcrumb_settings":null,"limit_modified_date":false,"ai":null,"created":"2021-01-25 14:59:52","updated":"2025-06-04 09:19:13","seo_analyzer_scan_date":null,"focus_keyword":"In 90 Tagen aus der Arbeitslosigkeit!","additional_keywords":null,"truseo_locale":null},"_links":{"self":[{"href":"https:\/\/jobtrainer-blog.de\/index.php?rest_route=\/wp\/v2\/posts\/20"}],"collection":[{"href":"https:\/\/jobtrainer-blog.de\/index.php?rest_route=\/wp\/v2\/posts"}],"about":[{"href":"https:\/\/jobtrainer-blog.de\/index.php?rest_route=\/wp\/v2\/types\/post"}],"author":[{"embeddable":true,"href":"https:\/\/jobtrainer-blog.de\/index.php?rest_route=\/wp\/v2\/users\/2"}],"replies":[{"embeddable":true,"href":"https:\/\/jobtrainer-blog.de\/index.php?rest_route=%2Fwp%2Fv2%2Fcomments&post=20"}],"version-history":[{"count":0,"href":"https:\/\/jobtrainer-blog.de\/index.php?rest_route=\/wp\/v2\/posts\/20\/revisions"}],"wp:featuredmedia":[{"embeddable":true,"href":"https:\/\/jobtrainer-blog.de\/index.php?rest_route=\/wp\/v2\/media\/7973"}],"wp:attachment":[{"href":"https:\/\/jobtrainer-blog.de\/index.php?rest_route=%2Fwp%2Fv2%2Fmedia&parent=20"}],"wp:term":[{"taxonomy":"category","embeddable":true,"href":"https:\/\/jobtrainer-blog.de\/index.php?rest_route=%2Fwp%2Fv2%2Fcategories&post=20"},{"taxonomy":"post_tag","embeddable":true,"href":"https:\/\/jobtrainer-blog.de\/index.php?rest_route=%2Fwp%2Fv2%2Ftags&post=20"}],"curies":[{"name":"wp","href":"https:\/\/api.w.org\/{rel}","templated":true}]}}