{"id":12840,"date":"2021-05-05T10:37:52","date_gmt":"2021-05-05T10:37:52","guid":{"rendered":"https:\/\/jobtrainer-blog.de\/?p=12840"},"modified":"2021-10-25T10:26:57","modified_gmt":"2021-10-25T10:26:57","slug":"schreiben-sie-mal-ihr-job-profil-auf","status":"publish","type":"post","link":"https:\/\/jobtrainer-blog.de\/?p=12840","title":{"rendered":"Schreiben Sie mal Ihr Job-Profil auf!"},"content":{"rendered":"<p><strong>Es gibt manchmal sehr spannende Momente beim Job-Coaching: <\/strong>Vor einiger Zeit rief mich ein Leser dieses Blogs an, der in einem Arbeitsmarktprojekt in einer 1:1-Situation beraten wurde.<\/p>\n<p>Die Aufgabe, die der Jobcoach zu Beginn der Beratung stellte, lautete: <strong>&#8222;Schreiben Sie mal Ihr Job-Profil auf!&#8220;<\/strong> Das ist ungef\u00e4hr so, als wenn einem der Arzt in der Sprechstunde sagt: &#8222;Bitte schreiben Sie mal Ihre Diagnose auf!&#8220;<\/p>\n<p>Nach diesem Gespr\u00e4ch wandte sich der zu Beratende an mich. Ich h\u00e4tte doch Material zu solchen Fragen und wie er denn so ein Job-Profil erstellen k\u00f6nne. Nat\u00fcrlich haben wir da eine L\u00f6sung gefunden, aber die Situation war schon etwas surreal. Wie sollen Jobsuchende ohne Anleitung und ohne Hilfmittel, z. B. in Form von auszuf\u00fcllenden Arbeitsbl\u00e4ttern zu Kompetenzen, ein aussagef\u00e4higes Profiling erstellen?<\/p>\n<p>Wo ich nun schon einmal dabei bin, gebe ich Ihnen einen ersten Einblick in die <strong>Erstellung eines Job-Profils<\/strong>. Dazu geh\u00f6ren meiner Ansicht nach:<\/p>\n<ul>\n<li>eine Erhebung der Grundf\u00e4higkeiten<\/li>\n<li>eine Feststellung der Kenntnisse, die durch Ausbildung, Berufst\u00e4tigkeit und eigene Weiterbildung erworben wurden<\/li>\n<li>ein Werteprofil, das die Frage beantwortet: &#8222;Welche Unternehmen passen zu mir?&#8220;<\/li>\n<\/ul>\n<p><strong>Hier der Link zum Video, in dem diese Arbeitsbl\u00e4tter bearbeitet werden<\/strong>:<a href=\"https:\/\/www.youtube.com\/watch?v=q83UO7ovwuM\" target=\"_blank\" rel=\"noopener noreferrer\"><strong><span style=\"color: #000080;\"> https:\/\/www.youtube.com\/watch?v=q83UO7ovwuM<\/span><\/strong><\/a><\/p>\n<ul>\n<li>zum Profil geh\u00f6rt au\u00dferdem die physische Eignung (\u00fcberpr\u00fcft mit einer arbeitsmedizinischen Untersuchung)<\/li>\n<\/ul>\n<p><strong>Nach Stefan Gerth von die-bewerbungsschreiber.de <\/strong>flie\u00dfen in ein BewerberInnenprofil folgende Punkte mit ein:<\/p>\n<ul>\n<li>was Sie k\u00f6nnen<\/li>\n<li>was Sie bereits geleistet haben<\/li>\n<li>welches Potenzial Sie besitzen<\/li>\n<li>was Sie f\u00fcr ein Unternehmen zu leisten imstande sind<\/li>\n<\/ul>\n<p><a href=\"https:\/\/jobtrainer-blog.de\/wp-content\/uploads\/2020\/09\/Bild-Zielgruppenermittlung.png\"><img decoding=\"async\" loading=\"lazy\" class=\"alignleft wp-image-11734 \" src=\"https:\/\/jobtrainer-blog.de\/wp-content\/uploads\/2020\/09\/Bild-Zielgruppenermittlung-212x300.png\" alt=\"\" width=\"211\" height=\"298\" srcset=\"https:\/\/jobtrainer-blog.de\/wp-content\/uploads\/2020\/09\/Bild-Zielgruppenermittlung-212x300.png 212w, https:\/\/jobtrainer-blog.de\/wp-content\/uploads\/2020\/09\/Bild-Zielgruppenermittlung-768x1086.png 768w, https:\/\/jobtrainer-blog.de\/wp-content\/uploads\/2020\/09\/Bild-Zielgruppenermittlung-728x1030.png 728w, https:\/\/jobtrainer-blog.de\/wp-content\/uploads\/2020\/09\/Bild-Zielgruppenermittlung-1061x1500.png 1061w, https:\/\/jobtrainer-blog.de\/wp-content\/uploads\/2020\/09\/Bild-Zielgruppenermittlung-499x705.png 499w, https:\/\/jobtrainer-blog.de\/wp-content\/uploads\/2020\/09\/Bild-Zielgruppenermittlung-450x636.png 450w, https:\/\/jobtrainer-blog.de\/wp-content\/uploads\/2020\/09\/Bild-Zielgruppenermittlung.png 1654w\" sizes=\"(max-width: 211px) 100vw, 211px\" \/><\/a>Bei der Profilerstellung sollten nat\u00fcrlich auch Sprachkenntnisse, PC-Kenntnisse, F\u00fchrerscheine, F\u00e4higkeiten aus ehrenamtlicher Arbeit, Familienarbeit und intensiv ausge\u00fcbte Hobbys mit einbezogen werden.<\/p>\n<p>Eine solche Profilerstellung f\u00fchrt zu einer qualifizierten <strong>Zielgruppenermittlung<\/strong>, die sich an der EKS-Strategie (<span style=\"color: #0000ff;\"><a style=\"color: #0000ff;\" href=\"https:\/\/jobtrainer-blog.de\/wp-content\/uploads\/2021\/05\/EKS-Engpasskonzentrierte-Strategie.pdf\" target=\"_blank\" rel=\"noopener noreferrer\">hier der Link<\/a><\/span><strong>)<\/strong> orientiert. Damit k\u00f6nnen Sie herausfinden, welches <strong>Angebot<\/strong> Arbeitssuchende einem Arbeitgeber machen k\u00f6nnen. Und dieses Angebot bildet den Kern aller Vermittlungsaktivit\u00e4ten.<\/p>\n<p>&nbsp;<\/p>\n<p>&nbsp;<\/p>\n<p><strong>P.S.<\/strong> Die Aufgabe vom Anfang des Artikels erinnert mich \u00fcbrigens an die Frage, die mir ein Berater vor Jahren einmal stellte: <strong>\u201eHerr Kr\u00f6ger, was k\u00f6nnen wir denn tun? Schlagen Sie doch was vor!\u201c<\/strong><span style=\"color: #0000ff;\"><a style=\"color: #0000ff;\" href=\"https:\/\/jobtrainer-blog.de\/?p=2305\" target=\"_blank\" rel=\"noopener noreferrer\"> Hier der Link<\/a><\/span> zu dieser Geschichte.<\/p>\n","protected":false},"excerpt":{"rendered":"<p>Es gibt manchmal sehr spannende Momente beim Job-Coaching: Vor einiger Zeit rief mich ein Leser dieses Blogs an, der in einem Arbeitsmarktprojekt in einer 1:1-Situation beraten wurde. Die Aufgabe, die der Jobcoach zu Beginn der Beratung stellte, lautete: &#8222;Schreiben Sie mal Ihr Job-Profil auf!&#8220; Das ist ungef\u00e4hr so, als wenn einem der Arzt in der [&hellip;]<\/p>\n","protected":false},"author":2,"featured_media":12844,"comment_status":"open","ping_status":"open","sticky":false,"template":"","format":"standard","meta":[],"categories":[17,15,6],"tags":[21],"aioseo_notices":[],"aioseo_head":"\n\t\t<!-- All in One SEO 5.0.0.1 - aioseo.com -->\n\t<meta name=\"description\" content=\"Vor einiger Zeit rief mich ein Leser dieses Blogs an: Das Statement des Jobcoaches am Anfang der Beratung lautete: &quot;Schreiben Sie mal Ihr Job-Profil auf!&quot;\" \/>\n\t<meta name=\"robots\" content=\"max-image-preview:large\" \/>\n\t<meta name=\"author\" content=\"Reinhard Kroeger\"\/>\n\t<meta name=\"keywords\" content=\"profiling,job-profil,arbeitsmarktprojekte,f\u00e4higkeiten jobvermittlung,den richtigen job finden\" \/>\n\t<link rel=\"canonical\" href=\"https:\/\/jobtrainer-blog.de\/?p=12840\" \/>\n\t<meta name=\"generator\" content=\"All in One SEO (AIOSEO) 5.0.0.1\" \/>\n\t\t<script type=\"application\/ld+json\" class=\"aioseo-schema\">\n\t\t\t{\"@context\":\"https:\\\/\\\/schema.org\",\"@graph\":[{\"@type\":\"Article\",\"@id\":\"https:\\\/\\\/jobtrainer-blog.de\\\/?p=12840#article\",\"name\":\"\\\"Schreiben Sie mal Ihr Job-Profil auf!\\\"Jobtrainer-Blog\",\"headline\":\"Schreiben Sie mal Ihr Job-Profil auf!\",\"author\":{\"@id\":\"https:\\\/\\\/jobtrainer-blog.de\\\/?author=2#author\"},\"publisher\":{\"@id\":\"https:\\\/\\\/jobtrainer-blog.de\\\/#organization\"},\"image\":{\"@type\":\"ImageObject\",\"url\":\"https:\\\/\\\/jobtrainer-blog.de\\\/wp-content\\\/uploads\\\/2021\\\/04\\\/notebook-1587526_1280.jpg\",\"width\":1280,\"height\":854,\"caption\":\"Notizbuch auf Schreibtisch\"},\"datePublished\":\"2021-05-05T10:37:52+02:00\",\"dateModified\":\"2021-10-25T10:26:57+02:00\",\"inLanguage\":\"de-DE\",\"mainEntityOfPage\":{\"@id\":\"https:\\\/\\\/jobtrainer-blog.de\\\/?p=12840#webpage\"},\"isPartOf\":{\"@id\":\"https:\\\/\\\/jobtrainer-blog.de\\\/?p=12840#webpage\"},\"articleSection\":\"Berufsberatung, Berufsstrategie, f\\u00fcr Berater und Trainer, den richtigen Job finden\"},{\"@type\":\"BreadcrumbList\",\"@id\":\"https:\\\/\\\/jobtrainer-blog.de\\\/?p=12840#breadcrumblist\",\"itemListElement\":[{\"@type\":\"ListItem\",\"@id\":\"https:\\\/\\\/jobtrainer-blog.de#listItem\",\"position\":1,\"name\":\"Home\",\"item\":\"https:\\\/\\\/jobtrainer-blog.de\",\"nextItem\":{\"@type\":\"ListItem\",\"@id\":\"https:\\\/\\\/jobtrainer-blog.de\\\/?cat=6#listItem\",\"name\":\"f\\u00fcr Berater und Trainer\"}},{\"@type\":\"ListItem\",\"@id\":\"https:\\\/\\\/jobtrainer-blog.de\\\/?cat=6#listItem\",\"position\":2,\"name\":\"f\\u00fcr Berater und Trainer\",\"item\":\"https:\\\/\\\/jobtrainer-blog.de\\\/?cat=6\",\"nextItem\":{\"@type\":\"ListItem\",\"@id\":\"https:\\\/\\\/jobtrainer-blog.de\\\/?p=12840#listItem\",\"name\":\"Schreiben Sie mal Ihr Job-Profil auf!\"},\"previousItem\":{\"@type\":\"ListItem\",\"@id\":\"https:\\\/\\\/jobtrainer-blog.de#listItem\",\"name\":\"Home\"}},{\"@type\":\"ListItem\",\"@id\":\"https:\\\/\\\/jobtrainer-blog.de\\\/?p=12840#listItem\",\"position\":3,\"name\":\"Schreiben Sie mal Ihr Job-Profil auf!\",\"previousItem\":{\"@type\":\"ListItem\",\"@id\":\"https:\\\/\\\/jobtrainer-blog.de\\\/?cat=6#listItem\",\"name\":\"f\\u00fcr Berater und Trainer\"}}]},{\"@type\":\"Organization\",\"@id\":\"https:\\\/\\\/jobtrainer-blog.de\\\/#organization\",\"name\":\"Reinhard Kr\\u00f6ger Job-Training\",\"description\":\"F\\u00fcr Jobcoaches in Arbeitsmarktprojekten\",\"url\":\"https:\\\/\\\/jobtrainer-blog.de\\\/\",\"telephone\":\"+4923273698902\",\"logo\":{\"@type\":\"ImageObject\",\"url\":\"https:\\\/\\\/jobtrainer-blog.de\\\/wp-content\\\/uploads\\\/2023\\\/09\\\/logo_jobtraining_cmyk.png\",\"@id\":\"https:\\\/\\\/jobtrainer-blog.de\\\/?p=12840\\\/#organizationLogo\",\"width\":1538,\"height\":367,\"caption\":\"Logo f\\u00fcr Job-Training Reinhard Kr\\u00f6ger\"},\"image\":{\"@id\":\"https:\\\/\\\/jobtrainer-blog.de\\\/?p=12840\\\/#organizationLogo\"},\"sameAs\":[\"https:\\\/\\\/www.youtube.com\\\/channel\\\/UCdXfHaDZvM6JmNTReh_dJJA\"]},{\"@type\":\"Person\",\"@id\":\"https:\\\/\\\/jobtrainer-blog.de\\\/?author=2#author\",\"url\":\"https:\\\/\\\/jobtrainer-blog.de\\\/?author=2\",\"name\":\"Reinhard Kroeger\",\"image\":{\"@type\":\"ImageObject\",\"@id\":\"https:\\\/\\\/jobtrainer-blog.de\\\/?p=12840#authorImage\",\"url\":\"https:\\\/\\\/secure.gravatar.com\\\/avatar\\\/94e6917ca5a1b81b22ea789cf30c3210?s=96&d=mm&r=g\",\"width\":96,\"height\":96,\"caption\":\"Reinhard Kroeger\"}},{\"@type\":\"WebPage\",\"@id\":\"https:\\\/\\\/jobtrainer-blog.de\\\/?p=12840#webpage\",\"url\":\"https:\\\/\\\/jobtrainer-blog.de\\\/?p=12840\",\"name\":\"\\\"Schreiben Sie mal Ihr Job-Profil auf!\\\"Jobtrainer-Blog\",\"description\":\"Vor einiger Zeit rief mich ein Leser dieses Blogs an: Das Statement des Jobcoaches am Anfang der Beratung lautete: \\\"Schreiben Sie mal Ihr Job-Profil auf!\\\"\",\"inLanguage\":\"de-DE\",\"isPartOf\":{\"@id\":\"https:\\\/\\\/jobtrainer-blog.de\\\/#website\"},\"breadcrumb\":{\"@id\":\"https:\\\/\\\/jobtrainer-blog.de\\\/?p=12840#breadcrumblist\"},\"author\":{\"@id\":\"https:\\\/\\\/jobtrainer-blog.de\\\/?author=2#author\"},\"creator\":{\"@id\":\"https:\\\/\\\/jobtrainer-blog.de\\\/?author=2#author\"},\"image\":{\"@type\":\"ImageObject\",\"url\":\"https:\\\/\\\/jobtrainer-blog.de\\\/wp-content\\\/uploads\\\/2021\\\/04\\\/notebook-1587526_1280.jpg\",\"@id\":\"https:\\\/\\\/jobtrainer-blog.de\\\/?p=12840\\\/#mainImage\",\"width\":1280,\"height\":854,\"caption\":\"Notizbuch auf Schreibtisch\"},\"primaryImageOfPage\":{\"@id\":\"https:\\\/\\\/jobtrainer-blog.de\\\/?p=12840#mainImage\"},\"datePublished\":\"2021-05-05T10:37:52+02:00\",\"dateModified\":\"2021-10-25T10:26:57+02:00\"},{\"@type\":\"WebSite\",\"@id\":\"https:\\\/\\\/jobtrainer-blog.de\\\/#website\",\"url\":\"https:\\\/\\\/jobtrainer-blog.de\\\/\",\"name\":\"Jobtrainer-Blog\",\"description\":\"F\\u00fcr Jobcoaches in Arbeitsmarktprojekten\",\"inLanguage\":\"de-DE\",\"publisher\":{\"@id\":\"https:\\\/\\\/jobtrainer-blog.de\\\/#organization\"}}]}\n\t\t<\/script>\n\t\t<!-- All in One SEO -->\n\n","aioseo_head_json":{"title":"\"Schreiben Sie mal Ihr Job-Profil auf!\"Jobtrainer-Blog","description":"Vor einiger Zeit rief mich ein Leser dieses Blogs an: Das Statement des Jobcoaches am Anfang der Beratung lautete: \"Schreiben Sie mal Ihr Job-Profil auf!\"","canonical_url":"https:\/\/jobtrainer-blog.de\/?p=12840","robots":"max-image-preview:large","keywords":"profiling,job-profil,arbeitsmarktprojekte,f\u00e4higkeiten jobvermittlung,den richtigen job finden","webmasterTools":{"miscellaneous":""},"schema":{"@context":"https:\/\/schema.org","@graph":[{"@type":"Article","@id":"https:\/\/jobtrainer-blog.de\/?p=12840#article","name":"\"Schreiben Sie mal Ihr Job-Profil auf!\"Jobtrainer-Blog","headline":"Schreiben Sie mal Ihr Job-Profil auf!","author":{"@id":"https:\/\/jobtrainer-blog.de\/?author=2#author"},"publisher":{"@id":"https:\/\/jobtrainer-blog.de\/#organization"},"image":{"@type":"ImageObject","url":"https:\/\/jobtrainer-blog.de\/wp-content\/uploads\/2021\/04\/notebook-1587526_1280.jpg","width":1280,"height":854,"caption":"Notizbuch auf Schreibtisch"},"datePublished":"2021-05-05T10:37:52+02:00","dateModified":"2021-10-25T10:26:57+02:00","inLanguage":"de-DE","mainEntityOfPage":{"@id":"https:\/\/jobtrainer-blog.de\/?p=12840#webpage"},"isPartOf":{"@id":"https:\/\/jobtrainer-blog.de\/?p=12840#webpage"},"articleSection":"Berufsberatung, Berufsstrategie, f\u00fcr Berater und Trainer, den richtigen Job finden"},{"@type":"BreadcrumbList","@id":"https:\/\/jobtrainer-blog.de\/?p=12840#breadcrumblist","itemListElement":[{"@type":"ListItem","@id":"https:\/\/jobtrainer-blog.de#listItem","position":1,"name":"Home","item":"https:\/\/jobtrainer-blog.de","nextItem":{"@type":"ListItem","@id":"https:\/\/jobtrainer-blog.de\/?cat=6#listItem","name":"f\u00fcr Berater und Trainer"}},{"@type":"ListItem","@id":"https:\/\/jobtrainer-blog.de\/?cat=6#listItem","position":2,"name":"f\u00fcr Berater und Trainer","item":"https:\/\/jobtrainer-blog.de\/?cat=6","nextItem":{"@type":"ListItem","@id":"https:\/\/jobtrainer-blog.de\/?p=12840#listItem","name":"Schreiben Sie mal Ihr Job-Profil auf!"},"previousItem":{"@type":"ListItem","@id":"https:\/\/jobtrainer-blog.de#listItem","name":"Home"}},{"@type":"ListItem","@id":"https:\/\/jobtrainer-blog.de\/?p=12840#listItem","position":3,"name":"Schreiben Sie mal Ihr Job-Profil auf!","previousItem":{"@type":"ListItem","@id":"https:\/\/jobtrainer-blog.de\/?cat=6#listItem","name":"f\u00fcr Berater und Trainer"}}]},{"@type":"Organization","@id":"https:\/\/jobtrainer-blog.de\/#organization","name":"Reinhard Kr\u00f6ger Job-Training","description":"F\u00fcr Jobcoaches in Arbeitsmarktprojekten","url":"https:\/\/jobtrainer-blog.de\/","telephone":"+4923273698902","logo":{"@type":"ImageObject","url":"https:\/\/jobtrainer-blog.de\/wp-content\/uploads\/2023\/09\/logo_jobtraining_cmyk.png","@id":"https:\/\/jobtrainer-blog.de\/?p=12840\/#organizationLogo","width":1538,"height":367,"caption":"Logo f\u00fcr Job-Training Reinhard Kr\u00f6ger"},"image":{"@id":"https:\/\/jobtrainer-blog.de\/?p=12840\/#organizationLogo"},"sameAs":["https:\/\/www.youtube.com\/channel\/UCdXfHaDZvM6JmNTReh_dJJA"]},{"@type":"Person","@id":"https:\/\/jobtrainer-blog.de\/?author=2#author","url":"https:\/\/jobtrainer-blog.de\/?author=2","name":"Reinhard Kroeger","image":{"@type":"ImageObject","@id":"https:\/\/jobtrainer-blog.de\/?p=12840#authorImage","url":"https:\/\/secure.gravatar.com\/avatar\/94e6917ca5a1b81b22ea789cf30c3210?s=96&d=mm&r=g","width":96,"height":96,"caption":"Reinhard Kroeger"}},{"@type":"WebPage","@id":"https:\/\/jobtrainer-blog.de\/?p=12840#webpage","url":"https:\/\/jobtrainer-blog.de\/?p=12840","name":"\"Schreiben Sie mal Ihr Job-Profil auf!\"Jobtrainer-Blog","description":"Vor einiger Zeit rief mich ein Leser dieses Blogs an: Das Statement des Jobcoaches am Anfang der Beratung lautete: \"Schreiben Sie mal Ihr Job-Profil auf!\"","inLanguage":"de-DE","isPartOf":{"@id":"https:\/\/jobtrainer-blog.de\/#website"},"breadcrumb":{"@id":"https:\/\/jobtrainer-blog.de\/?p=12840#breadcrumblist"},"author":{"@id":"https:\/\/jobtrainer-blog.de\/?author=2#author"},"creator":{"@id":"https:\/\/jobtrainer-blog.de\/?author=2#author"},"image":{"@type":"ImageObject","url":"https:\/\/jobtrainer-blog.de\/wp-content\/uploads\/2021\/04\/notebook-1587526_1280.jpg","@id":"https:\/\/jobtrainer-blog.de\/?p=12840\/#mainImage","width":1280,"height":854,"caption":"Notizbuch auf Schreibtisch"},"primaryImageOfPage":{"@id":"https:\/\/jobtrainer-blog.de\/?p=12840#mainImage"},"datePublished":"2021-05-05T10:37:52+02:00","dateModified":"2021-10-25T10:26:57+02:00"},{"@type":"WebSite","@id":"https:\/\/jobtrainer-blog.de\/#website","url":"https:\/\/jobtrainer-blog.de\/","name":"Jobtrainer-Blog","description":"F\u00fcr Jobcoaches in Arbeitsmarktprojekten","inLanguage":"de-DE","publisher":{"@id":"https:\/\/jobtrainer-blog.de\/#organization"}}]}},"aioseo_meta_data":{"post_id":"12840","title":"\"Schreiben Sie mal Ihr Job-Profil auf!\"#site_title","description":"Vor einiger Zeit rief mich ein Leser dieses Blogs an: Das Statement des Jobcoaches am Anfang der Beratung lautete: \"Schreiben Sie mal Ihr Job-Profil auf!\"","keywords":[{"label":"Profiling","value":"Profiling"},{"label":" Job-Profil","value":" Job-Profil"},{"label":" Arbeitsmarktprojekte","value":" Arbeitsmarktprojekte"},{"label":"F\u00e4higkeiten Jobvermittlung","value":"F\u00e4higkeiten Jobvermittlung"}],"keyphrases":{"focus":{"keyphrase":"Schreiben Sie mal Ihr Job-Profil auf","score":72,"analysis":{"keyphraseInTitle":{"title":"Focus Keyphrase in SEO title","description":"Focus Keyphrase found in SEO title.","score":9,"maxScore":9,"error":0},"keyphraseInDescription":{"title":"Focus keyphrase in meta description","description":"Focus keyphrase found in meta description.","score":9,"maxScore":9,"error":0},"keyphraseInURL":[],"keyphraseInIntroduction":{"title":"Focus keyphrase in introduction","description":"Your Focus keyphrase does not appear in the first paragraph. Make sure the topic is clear immediately.","score":3,"maxScore":9,"error":1},"keyphraseInSubHeadings":{"title":"Focus Keyphrase in Subheadings","description":"Your H2 and H3 subheadings reflects the topic of your copy. Good job!","score":9,"maxScore":9,"error":0},"keyphraseInImageAlt":{"title":"Focus keyphrase in image alt attributes","description":"Focus keyphrase not found in image alt attribute(s). Add an image with your Focus keyphrase as alt text.","score":3,"maxScore":9,"error":1},"keyphraseLength":{"title":"Focus keyphrase length","description":"Focus keyphrase is slightly long. Try to make it shorter.","score":6,"maxScore":9,"error":1,"length":6}}},"additional":[]},"primary_term":null,"canonical_url":null,"og_title":null,"og_description":null,"og_object_type":"default","og_image_type":"default","og_image_url":null,"og_image_width":null,"og_image_height":null,"og_image_custom_url":null,"og_image_custom_fields":null,"og_video":"","og_custom_url":null,"og_article_section":null,"og_article_tags":[],"twitter_use_og":false,"twitter_card":"default","twitter_image_type":"default","twitter_image_url":null,"twitter_image_custom_url":null,"twitter_image_custom_fields":null,"twitter_title":null,"twitter_description":null,"schema":{"blockGraphs":[],"customGraphs":[],"default":{"data":{"Article":[],"Course":[],"Dataset":[],"FAQPage":[],"Movie":[],"Person":[],"Product":[],"ProductReview":[],"Car":[],"Recipe":[],"Service":[],"SoftwareApplication":[],"WebPage":[]},"graphName":"","isEnabled":true},"graphs":[]},"schema_type":"none","schema_type_options":"{\"webPage\":{\"webPageType\":\"WebPage\"},\"article\":{\"articleType\":\"BlogPosting\"},\"book\":[],\"course\":[],\"event\":[],\"jobPosting\":[],\"music\":[],\"person\":[],\"product\":[],\"recipe\":[],\"restaurant\":[],\"service\":[],\"software\":[],\"video\":[]}","pillar_content":false,"robots_default":true,"robots_noindex":false,"robots_noarchive":false,"robots_nosnippet":false,"robots_nofollow":false,"robots_noimageindex":false,"robots_noodp":false,"robots_notranslate":false,"robots_max_snippet":"-1","robots_max_videopreview":"-1","robots_max_imagepreview":"large","priority":null,"frequency":"default","location":null,"local_seo":{"businessInfo":{"name":"","urls":{"website":"","aboutPage":"","contactPage":""},"address":{"line1":"","line2":"","zip":"","city":"","state":"","country":""},"contact":{"email":"","phone":"","fax":""},"ids":{"vatID":"","taxID":"","chamberID":""},"payment":{"priceIndication":"","currenciesAccepted":"","methodsAccepted":""},"areaServed":""},"openingHours":{"show":false,"closedLabel":"","open24h":false,"open24hLabel":"","open247":false,"use24hFormat":false,"twoSets":false,"timezone":"","hours":[]}},"breadcrumb_settings":null,"limit_modified_date":false,"ai":null,"created":"2021-04-22 08:43:28","updated":"2025-06-04 09:38:56","seo_analyzer_scan_date":null,"focus_keyword":"Schreiben Sie mal Ihr Job-Profil auf","additional_keywords":null,"truseo_locale":null},"_links":{"self":[{"href":"https:\/\/jobtrainer-blog.de\/index.php?rest_route=\/wp\/v2\/posts\/12840"}],"collection":[{"href":"https:\/\/jobtrainer-blog.de\/index.php?rest_route=\/wp\/v2\/posts"}],"about":[{"href":"https:\/\/jobtrainer-blog.de\/index.php?rest_route=\/wp\/v2\/types\/post"}],"author":[{"embeddable":true,"href":"https:\/\/jobtrainer-blog.de\/index.php?rest_route=\/wp\/v2\/users\/2"}],"replies":[{"embeddable":true,"href":"https:\/\/jobtrainer-blog.de\/index.php?rest_route=%2Fwp%2Fv2%2Fcomments&post=12840"}],"version-history":[{"count":0,"href":"https:\/\/jobtrainer-blog.de\/index.php?rest_route=\/wp\/v2\/posts\/12840\/revisions"}],"wp:featuredmedia":[{"embeddable":true,"href":"https:\/\/jobtrainer-blog.de\/index.php?rest_route=\/wp\/v2\/media\/12844"}],"wp:attachment":[{"href":"https:\/\/jobtrainer-blog.de\/index.php?rest_route=%2Fwp%2Fv2%2Fmedia&parent=12840"}],"wp:term":[{"taxonomy":"category","embeddable":true,"href":"https:\/\/jobtrainer-blog.de\/index.php?rest_route=%2Fwp%2Fv2%2Fcategories&post=12840"},{"taxonomy":"post_tag","embeddable":true,"href":"https:\/\/jobtrainer-blog.de\/index.php?rest_route=%2Fwp%2Fv2%2Ftags&post=12840"}],"curies":[{"name":"wp","href":"https:\/\/api.w.org\/{rel}","templated":true}]}}